{"id":16989,"date":"2024-07-03T08:20:55","date_gmt":"2024-07-03T11:20:55","guid":{"rendered":"http:\/\/zoomproducciones.com.ar\/zoomp\/?p=16989"},"modified":"2024-07-03T08:20:56","modified_gmt":"2024-07-03T11:20:56","slug":"notable-aumento-de-temperatura-la-maxima-para-este-miercoles-se-ubicara-en-22oc","status":"publish","type":"post","link":"https:\/\/zoomproducciones.com.ar\/zoomp\/notable-aumento-de-temperatura-la-maxima-para-este-miercoles-se-ubicara-en-22oc\/","title":{"rendered":"Notable aumento de temperatura: la m\u00e1xima para este mi\u00e9rcoles se ubicar\u00e1 en 22\u00baC"},"content":{"rendered":"\n<p>Este mi\u00e9rcoles 3 de junio, la ciudad de Paso de los Libres experimentar\u00e1 un ascenso en las temperaturas, seg\u00fan el Servicio Meteorol\u00f3gico Nacional. <\/p>\n\n\n\n<p>Se esperan valores entre 14\u00baC y 22\u00baC, un notable contraste con las temperaturas m\u00ednimas registradas durante el fin de semana pasado, que rondaron los 1\u00baC y 2\u00baC.<\/p>\n\n\n\n<p>La humedad actual es del 86%, y el viento sopla desde el sureste con r\u00e1fagas que podr\u00edan alcanzar los 12 km\/h.<\/p>\n\n\n\n<p>Sin embargo, el respiro del fr\u00edo ser\u00e1 temporal. Para el domingo, se espera un nuevo descenso de las temperaturas, con una m\u00ednima de 1\u00baC.<\/p>\n\n\n\n<p>Foto: Omar Dar\u00edo Cabrera. <\/p>\n","protected":false},"excerpt":{"rendered":"<p>Este mi\u00e9rcoles 3 de junio, la ciudad de Paso de los Libres experimentar\u00e1 un ascenso en las temperaturas, seg\u00fan el Servicio Meteorol\u00f3gico Nacional. Se esperan valores entre 14\u00baC y 22\u00baC, un notable contraste con las temperaturas m\u00ednimas registradas durante el fin de semana pasado, que rondaron los 1\u00baC y 2\u00baC. La humedad actual es del [&hellip;]<\/p>\n","protected":false},"author":2,"featured_media":16990,"comment_status":"closed","ping_status":"open","sticky":false,"template":"","format":"standard","meta":{"footnotes":""},"categories":[5],"tags":[511,116],"class_list":{"0":"post-16989","1":"post","2":"type-post","3":"status-publish","4":"format-standard","5":"has-post-thumbnail","7":"category-locales","8":"tag-bloque-2","9":"tag-paso-de-los-libres"},"_links":{"self":[{"href":"https:\/\/zoomproducciones.com.ar\/zoomp\/wp-json\/wp\/v2\/posts\/16989","targetHints":{"allow":["GET"]}}],"collection":[{"href":"https:\/\/zoomproducciones.com.ar\/zoomp\/wp-json\/wp\/v2\/posts"}],"about":[{"href":"https:\/\/zoomproducciones.com.ar\/zoomp\/wp-json\/wp\/v2\/types\/post"}],"author":[{"embeddable":true,"href":"https:\/\/zoomproducciones.com.ar\/zoomp\/wp-json\/wp\/v2\/users\/2"}],"replies":[{"embeddable":true,"href":"https:\/\/zoomproducciones.com.ar\/zoomp\/wp-json\/wp\/v2\/comments?post=16989"}],"version-history":[{"count":1,"href":"https:\/\/zoomproducciones.com.ar\/zoomp\/wp-json\/wp\/v2\/posts\/16989\/revisions"}],"predecessor-version":[{"id":16991,"href":"https:\/\/zoomproducciones.com.ar\/zoomp\/wp-json\/wp\/v2\/posts\/16989\/revisions\/16991"}],"wp:featuredmedia":[{"embeddable":true,"href":"https:\/\/zoomproducciones.com.ar\/zoomp\/wp-json\/wp\/v2\/media\/16990"}],"wp:attachment":[{"href":"https:\/\/zoomproducciones.com.ar\/zoomp\/wp-json\/wp\/v2\/media?parent=16989"}],"wp:term":[{"taxonomy":"category","embeddable":true,"href":"https:\/\/zoomproducciones.com.ar\/zoomp\/wp-json\/wp\/v2\/categories?post=16989"},{"taxonomy":"post_tag","embeddable":true,"href":"https:\/\/zoomproducciones.com.ar\/zoomp\/wp-json\/wp\/v2\/tags?post=16989"}],"curies":[{"name":"wp","href":"https:\/\/api.w.org\/{rel}","templated":true}]}}