{"id":16978,"date":"2024-07-03T08:02:05","date_gmt":"2024-07-03T11:02:05","guid":{"rendered":"http:\/\/zoomproducciones.com.ar\/zoomp\/?p=16978"},"modified":"2024-07-03T08:02:05","modified_gmt":"2024-07-03T11:02:05","slug":"el-goyano-kevin-zenon-fue-convocado-a-los-juegos-olimpicos-de-paris-2024","status":"publish","type":"post","link":"https:\/\/zoomproducciones.com.ar\/zoomp\/el-goyano-kevin-zenon-fue-convocado-a-los-juegos-olimpicos-de-paris-2024\/","title":{"rendered":"El goyano Kevin Zen\u00f3n fue convocado a los Juegos Ol\u00edmpicos de Par\u00eds 2024"},"content":{"rendered":"\n<p>Javier Mascherano, DT de la Selecci\u00f3n Argentina Sub 23, public\u00f3 la lista de 18 jugadores convocados para los Juegos Ol\u00edmpicos de Par\u00eds 2024, que se llevar\u00e1 a cabo en julio. La n\u00f3mina presenta algunas sorpresas y ausencias, incluyendo la confirmaci\u00f3n de<strong> Ger\u00f3nimo Rulli, Nicol\u00e1s Otamendi y Juli\u00e1n \u00c1lvarez<\/strong> como los tres mayores del equipo.<\/p>\n\n\n\n<p>Entre los convocados <strong>se destaca la inclusi\u00f3n del correntino Kevin Zen\u00f3n<\/strong>, delantero de Boca Juniors, que se gan\u00f3 un lugar tras su gran nivel en el \u00faltimo amistoso ante Paraguay. Su presencia en la lista confirma su regreso al radar de Mascherano, quien lo hab\u00eda seguido de cerca desde su paso por Uni\u00f3n.<\/p>\n\n\n\n<p>Otro nombre destacado es el de <strong>Leandro Brey, arquero de Boca Juniors, quien acompa\u00f1ar\u00e1 a Rulli en la porter\u00eda.<\/strong> Fabricio Iacovich, de Estudiantes de La Plata, fue reservado como arquero de emergencia.<\/p>\n\n\n\n<p>La baja de Valent\u00edn Barco, quien no fue cedido por Brighton, fue suplida por la incorporaci\u00f3n de Julio Soler, del Club Atl\u00e9tico Lan\u00fas.<\/p>\n\n\n\n<p>En cuanto a las ausencias, l<strong>a m\u00e1s notable es la de Pablo Solari, delantero de River Plate, quien no form\u00f3 parte de la n\u00f3mina final.<\/strong> En su lugar, Giuliano Simeone, delantero del Atl\u00e9tico de Madrid, fue incluido en la lista de convocados.<\/p>\n\n\n\n<p>Adem\u00e1s de los 18 jugadores convocados, Mascherano tambi\u00e9n reserv\u00f3 a cuatro jugadores en caso de bajas de \u00faltima hora: Fabricio Iacovich (arquero), Aaron Quir\u00f3s (defensor), Federico Redondo (mediocampista) y Juan Ignacio Nardoni (mediocampista). Estos jugadores permanecer\u00e1n en sus pa\u00edses a la espera de una posible convocatoria.<\/p>\n\n\n\n<figure class=\"wp-block-image size-full\"><a href=\"http:\/\/zoomproducciones.com.ar\/zoomp\/wp-content\/uploads\/2024\/07\/image-23.png\"><img loading=\"lazy\" decoding=\"async\" width=\"768\" height=\"768\" src=\"http:\/\/zoomproducciones.com.ar\/zoomp\/wp-content\/uploads\/2024\/07\/image-23.png\" alt=\"\" class=\"wp-image-16980\" srcset=\"https:\/\/zoomproducciones.com.ar\/zoomp\/wp-content\/uploads\/2024\/07\/image-23.png 768w, https:\/\/zoomproducciones.com.ar\/zoomp\/wp-content\/uploads\/2024\/07\/image-23-300x300.png 300w, https:\/\/zoomproducciones.com.ar\/zoomp\/wp-content\/uploads\/2024\/07\/image-23-150x150.png 150w, https:\/\/zoomproducciones.com.ar\/zoomp\/wp-content\/uploads\/2024\/07\/image-23-80x80.png 80w\" sizes=\"auto, (max-width: 768px) 100vw, 768px\" \/><\/a><\/figure>\n","protected":false},"excerpt":{"rendered":"<p>Javier Mascherano, DT de la Selecci\u00f3n Argentina Sub 23, public\u00f3 la lista de 18 jugadores convocados para los Juegos Ol\u00edmpicos de Par\u00eds 2024, que se llevar\u00e1 a cabo en julio. La n\u00f3mina presenta algunas sorpresas y ausencias, incluyendo la confirmaci\u00f3n de Ger\u00f3nimo Rulli, Nicol\u00e1s Otamendi y Juli\u00e1n \u00c1lvarez como los tres mayores del equipo. Entre [&hellip;]<\/p>\n","protected":false},"author":2,"featured_media":16979,"comment_status":"closed","ping_status":"open","sticky":false,"template":"","format":"standard","meta":{"footnotes":""},"categories":[372],"tags":[511],"class_list":{"0":"post-16978","1":"post","2":"type-post","3":"status-publish","4":"format-standard","5":"has-post-thumbnail","7":"category-futbol","8":"tag-bloque-2"},"_links":{"self":[{"href":"https:\/\/zoomproducciones.com.ar\/zoomp\/wp-json\/wp\/v2\/posts\/16978","targetHints":{"allow":["GET"]}}],"collection":[{"href":"https:\/\/zoomproducciones.com.ar\/zoomp\/wp-json\/wp\/v2\/posts"}],"about":[{"href":"https:\/\/zoomproducciones.com.ar\/zoomp\/wp-json\/wp\/v2\/types\/post"}],"author":[{"embeddable":true,"href":"https:\/\/zoomproducciones.com.ar\/zoomp\/wp-json\/wp\/v2\/users\/2"}],"replies":[{"embeddable":true,"href":"https:\/\/zoomproducciones.com.ar\/zoomp\/wp-json\/wp\/v2\/comments?post=16978"}],"version-history":[{"count":1,"href":"https:\/\/zoomproducciones.com.ar\/zoomp\/wp-json\/wp\/v2\/posts\/16978\/revisions"}],"predecessor-version":[{"id":16981,"href":"https:\/\/zoomproducciones.com.ar\/zoomp\/wp-json\/wp\/v2\/posts\/16978\/revisions\/16981"}],"wp:featuredmedia":[{"embeddable":true,"href":"https:\/\/zoomproducciones.com.ar\/zoomp\/wp-json\/wp\/v2\/media\/16979"}],"wp:attachment":[{"href":"https:\/\/zoomproducciones.com.ar\/zoomp\/wp-json\/wp\/v2\/media?parent=16978"}],"wp:term":[{"taxonomy":"category","embeddable":true,"href":"https:\/\/zoomproducciones.com.ar\/zoomp\/wp-json\/wp\/v2\/categories?post=16978"},{"taxonomy":"post_tag","embeddable":true,"href":"https:\/\/zoomproducciones.com.ar\/zoomp\/wp-json\/wp\/v2\/tags?post=16978"}],"curies":[{"name":"wp","href":"https:\/\/api.w.org\/{rel}","templated":true}]}}