{"id":16969,"date":"2024-07-03T07:49:58","date_gmt":"2024-07-03T10:49:58","guid":{"rendered":"http:\/\/zoomproducciones.com.ar\/zoomp\/?p=16969"},"modified":"2024-07-03T08:21:20","modified_gmt":"2024-07-03T11:21:20","slug":"milei-celebrara-el-dia-de-la-independencia-con-actos-en-tucuman-y-buenos-aires","status":"publish","type":"post","link":"https:\/\/zoomproducciones.com.ar\/zoomp\/milei-celebrara-el-dia-de-la-independencia-con-actos-en-tucuman-y-buenos-aires\/","title":{"rendered":"Milei celebrar\u00e1 el D\u00eda de la Independencia con actos en Tucum\u00e1n y Buenos Aires"},"content":{"rendered":"\n<p>El presidente Javier Milei encabezar\u00e1 las celebraciones del D\u00eda de la Independencia con una agenda que incluye la firma del<strong> Pacto de Mayo en Tucum\u00e1n y el tradicional desfile militar<\/strong> en la Ciudad de Buenos Aires.<\/p>\n\n\n\n<p>El lunes 8 de julio, <strong>Milei viajar\u00e1 a Tucum\u00e1n para participar de una vigilia por el D\u00eda de la Independencia<\/strong>. En la Casa Hist\u00f3rica, junto al gobernador Osvaldo Jaldo, firmar\u00e1 el Pacto de Mayo, un acuerdo que contiene los diez puntos que el presidente present\u00f3 durante su discurso de apertura de sesiones ordinarias del Congreso. <\/p>\n\n\n\n<p>El acuerdo, originalmente previsto para el 25 de mayo, se posterg\u00f3 debido a demoras en la aprobaci\u00f3n de la Ley Bases y el acuerdo fiscal.<\/p>\n\n\n\n<p>En la madrugada del martes 9 de julio,<strong> Milei regresar\u00e1 a Buenos Aires para participar de los actos centrales por el D\u00eda de la Independencia. <\/strong>A la ma\u00f1ana, encabezar\u00e1 el Tedeum en la Catedral Metropolitana.<\/p>\n\n\n\n<p>Posteriormente, se trasladar\u00e1 al tradicional desfile militar que se llevar\u00e1 a cabo a partir de las 10.30 en la Avenida del Libertador, desde el cruce con Ag\u00fcero hasta Olleros. V<strong>eteranos, fuerzas armadas y de seguridad participar\u00e1n del desfile,<\/strong> que tendr\u00e1 una duraci\u00f3n aproximada de dos horas.<\/p>\n\n\n\n<p>El ministro de Defensa, Luis Petri, invit\u00f3 a la poblaci\u00f3n a participar del desfil<strong>e: \u201cTrae tu bandera y festejemos todos juntos nuestra libertad\u201d<\/strong>, escribi\u00f3 en su cuenta oficial de X.<\/p>\n\n\n\n<p>El Pacto de Mayo, que se firmar\u00e1 en Tucum\u00e1n, busca generar un marco de consenso sobre los diez puntos que propone Milei para el futuro del pa\u00eds. El presidente invit\u00f3 a gobernadores, ex presidentes, legisladores, empresarios y distintos sectores de la sociedad a adherirse al acuerdo.<\/p>\n","protected":false},"excerpt":{"rendered":"<p>El presidente Javier Milei encabezar\u00e1 las celebraciones del D\u00eda de la Independencia con una agenda que incluye la firma del Pacto de Mayo en Tucum\u00e1n y el tradicional desfile militar en la Ciudad de Buenos Aires. El lunes 8 de julio, Milei viajar\u00e1 a Tucum\u00e1n para participar de una vigilia por el D\u00eda de la [&hellip;]<\/p>\n","protected":false},"author":2,"featured_media":16970,"comment_status":"closed","ping_status":"open","sticky":false,"template":"","format":"standard","meta":{"footnotes":""},"categories":[8],"tags":[511,42],"class_list":{"0":"post-16969","1":"post","2":"type-post","3":"status-publish","4":"format-standard","5":"has-post-thumbnail","7":"category-nacionales","8":"tag-bloque-2","9":"tag-featured"},"_links":{"self":[{"href":"https:\/\/zoomproducciones.com.ar\/zoomp\/wp-json\/wp\/v2\/posts\/16969","targetHints":{"allow":["GET"]}}],"collection":[{"href":"https:\/\/zoomproducciones.com.ar\/zoomp\/wp-json\/wp\/v2\/posts"}],"about":[{"href":"https:\/\/zoomproducciones.com.ar\/zoomp\/wp-json\/wp\/v2\/types\/post"}],"author":[{"embeddable":true,"href":"https:\/\/zoomproducciones.com.ar\/zoomp\/wp-json\/wp\/v2\/users\/2"}],"replies":[{"embeddable":true,"href":"https:\/\/zoomproducciones.com.ar\/zoomp\/wp-json\/wp\/v2\/comments?post=16969"}],"version-history":[{"count":1,"href":"https:\/\/zoomproducciones.com.ar\/zoomp\/wp-json\/wp\/v2\/posts\/16969\/revisions"}],"predecessor-version":[{"id":16975,"href":"https:\/\/zoomproducciones.com.ar\/zoomp\/wp-json\/wp\/v2\/posts\/16969\/revisions\/16975"}],"wp:featuredmedia":[{"embeddable":true,"href":"https:\/\/zoomproducciones.com.ar\/zoomp\/wp-json\/wp\/v2\/media\/16970"}],"wp:attachment":[{"href":"https:\/\/zoomproducciones.com.ar\/zoomp\/wp-json\/wp\/v2\/media?parent=16969"}],"wp:term":[{"taxonomy":"category","embeddable":true,"href":"https:\/\/zoomproducciones.com.ar\/zoomp\/wp-json\/wp\/v2\/categories?post=16969"},{"taxonomy":"post_tag","embeddable":true,"href":"https:\/\/zoomproducciones.com.ar\/zoomp\/wp-json\/wp\/v2\/tags?post=16969"}],"curies":[{"name":"wp","href":"https:\/\/api.w.org\/{rel}","templated":true}]}}