{"id":1694,"date":"2022-11-14T12:18:15","date_gmt":"2022-11-14T15:18:15","guid":{"rendered":"http:\/\/zoomproducciones.com.ar\/zoomp\/?p=1694"},"modified":"2022-11-14T12:45:36","modified_gmt":"2022-11-14T15:45:36","slug":"rectora-del-isfd-estamos-en-observacion-no-se-han-cerrado-las-carreras","status":"publish","type":"post","link":"https:\/\/zoomproducciones.com.ar\/zoomp\/rectora-del-isfd-estamos-en-observacion-no-se-han-cerrado-las-carreras\/","title":{"rendered":"Rectora del ISFD: \u00bbestamos en observaci\u00f3n, no se han cerrado las carreras\u00bb"},"content":{"rendered":"\n<p>La rectora del Instituto Superior Docente, Elena Pikarsky, habl\u00f3 con Dami\u00e1n Froy en De Entrada. All\u00ed la docente explic\u00f3 acerca de la posibilidad de que siete carreras del Profesorado puedan cerrarse. \u00bbLa Direcci\u00f3n de Nivel Superior nos solicit\u00f3 un relevamiento. Estamos en observaci\u00f3n,no se han cerrado las carreras\u00bb.<\/p>\n\n\n\n<p>La semana pasada Elena Pikarsky, rectora del ISFD, fue notificada por la Direcci\u00f3n de Nivel Superior que siete carreras del profesorado podr\u00edan cerrarse. Las mismas son: Profesorado en Educaci\u00f3n Secundaria en Historia, Profesorado en Educaci\u00f3n Inicial, Profesorado en Educaci\u00f3n Primaria; Profesorado en Educaci\u00f3n Secundario en Geograf\u00eda, Tecnicatura en Ciencias de Datos e Inteligencia Artificial, Capacitaci\u00f3n de Lengua Inglesa y Capacitaci\u00f3n en Lengua Portuguesa.<\/p>\n\n\n\n<p>Seg\u00fan el comunicado publicado por la rectora, el argumento para el cierre fue por un lado, que se abrir\u00edan\u00a0<strong>nuevas carreras a futuro en Qu\u00edmica y F\u00edsica; y por otro que existe una \u00absobrepoblaci\u00f3n\u00bb de egresados en estas 7 carreras<\/strong>\u00a0ya mencionadas.<\/p>\n\n\n\n<p>\u00bbLas estad\u00edsticas que ellos tienen son pr\u00e1cticamente las que tenemos nosotros\u00bb. Seg\u00fan la rectora, la Direcci\u00f3n de Nivel Superior solicit\u00f3 al Instituto estad\u00edsticas acerca de las carreras para evaluar el cierre o no de las mismas. \u00bbNosotros quedamos en elevar todas las estad\u00edsticas esta semana, hay tiempo hasta el viernes\u00bb afirm\u00f3 Pikarsky, y agreg\u00f3: \u00bbDespu\u00e9s de eso vamos a definir la oferta de Paso de los Libres, algunas carreras s\u00ed tienen confirmaci\u00f3n como Matem\u00e1tica, Biolog\u00eda y Administraci\u00f3n que vuelven a abrir en 2023\u00bb. <\/p>\n\n\n\n<h2 class=\"wp-block-heading\">\u00bbNo tenemos que anticiparnos a los hechos\u00bb<\/h2>\n\n\n\n<p>Ante los eventos organizados para evitar el cierre de las carreras, de parte de alumnos y docentes, la rectora declar\u00f3: \u00bbNo tenemos que anticiparnos a los hechos, no es una actitud docente. Esa es mi opini\u00f3n\u00bb y a\u00f1adi\u00f3 \u00bbEs necesario que tomemos muy enserio cuando se trata de ofertas y educaci\u00f3n en Paso de los Libres. Tenemos que pensar lo que necesitamos\u00bb.<\/p>\n\n\n\n<p>\u00bbNo me parece mal que soliciten (la Direcci\u00f3n de Nivel Superior) un relevamiento de campo\u00bb explic\u00f3 la docente. \u00bbEstamos en observaci\u00f3n, las carreras no se han cerrado\u00bb.<\/p>\n\n\n\n<h2 class=\"wp-block-heading\">\u00bbTenemos que pensar en Paso de los Libres\u00bb<\/h2>\n\n\n\n<p>Ante la consulta acerca del cierre de las carreras, la rectora respondi\u00f3: \u00bbSe cerrar\u00eda primer a\u00f1o de cada una de las ofertas, sea Tecnicatura o Profesorado\u00bb, es decir, aquellos alumnos que ya se encuentran cursando la carrera podr\u00e1n finalizar sus estudios.<\/p>\n\n\n\n<p>\u00bbTodos sentimos en el alma que perdemos compa\u00f1eros. Pero tenemos que pensar en Paso de los Libres, en sus desarrollos\u00bb explic\u00f3 Pikarsky y agre\u00f3 \u00bbVoy a acompa\u00f1ar cualquier tipo de acci\u00f3n que no fuera contra la ley\u00bb.<\/p>\n\n\n\n<h2 class=\"wp-block-heading\">\u00bbHay falacias que se est\u00e1n publicando\u00bb<\/h2>\n\n\n\n<p>Acerca de los reclamos para evitar el cierre, Dami\u00e1n Froy le consult\u00f3 a la rectora del Instituto si siente que pueden haber diferencias con algunos docentes. \u00bbYo respeto a todos, a cada uno de ellos. Pido respeto tambi\u00e9n. Hay falacias que se est\u00e1n publicando\u00bb.<\/p>\n\n\n\n<p>\u00bbFormamos docentes, no siento que soy mirada de reojo. Tengo un buen trato con todos. Les he dicho a todos c\u00f3mo pensaba y c\u00f3mo iba a acompa\u00f1ar\u00bb explic\u00f3. <\/p>\n\n\n\n<h2 class=\"wp-block-heading\">El ISFD funcionar\u00e1 con normalidad a pesar de la marcha<\/h2>\n\n\n\n<p>Hoy, lunes 14 de noviembre, a las 18:00hs habr\u00e1 una marcha\u00a0desde el Municipio de Paso de los Libres hasta el Instituto de Formaci\u00f3n Superior Docente Profesor Agust\u00edn G\u00f3mez (<strong>IFDPAG<\/strong>). Ante la consulta de si el Profesorado funcionar\u00e1 con normalidad, la rectora confirm\u00f3 que s\u00ed. \u00bbHoy el Instituto va a funcionar con normalidad. Van a estar disponibles los medios\u00bb.<\/p>\n\n\n\n<p><\/p>\n","protected":false},"excerpt":{"rendered":"<p>La rectora del Instituto Superior Docente, Elena Pikarsky, habl\u00f3 con Dami\u00e1n Froy en De Entrada. All\u00ed la docente explic\u00f3 acerca de la posibilidad de que siete carreras del Profesorado puedan cerrarse. \u00bbLa Direcci\u00f3n de Nivel Superior nos solicit\u00f3 un relevamiento. Estamos en observaci\u00f3n,no se han cerrado las carreras\u00bb. La semana pasada Elena Pikarsky, rectora del [&hellip;]<\/p>\n","protected":false},"author":2,"featured_media":0,"comment_status":"closed","ping_status":"open","sticky":false,"template":"","format":"standard","meta":{"footnotes":""},"categories":[5],"tags":[42,116],"class_list":{"0":"post-1694","1":"post","2":"type-post","3":"status-publish","4":"format-standard","6":"category-locales","7":"tag-featured","8":"tag-paso-de-los-libres"},"_links":{"self":[{"href":"https:\/\/zoomproducciones.com.ar\/zoomp\/wp-json\/wp\/v2\/posts\/1694","targetHints":{"allow":["GET"]}}],"collection":[{"href":"https:\/\/zoomproducciones.com.ar\/zoomp\/wp-json\/wp\/v2\/posts"}],"about":[{"href":"https:\/\/zoomproducciones.com.ar\/zoomp\/wp-json\/wp\/v2\/types\/post"}],"author":[{"embeddable":true,"href":"https:\/\/zoomproducciones.com.ar\/zoomp\/wp-json\/wp\/v2\/users\/2"}],"replies":[{"embeddable":true,"href":"https:\/\/zoomproducciones.com.ar\/zoomp\/wp-json\/wp\/v2\/comments?post=1694"}],"version-history":[{"count":6,"href":"https:\/\/zoomproducciones.com.ar\/zoomp\/wp-json\/wp\/v2\/posts\/1694\/revisions"}],"predecessor-version":[{"id":1702,"href":"https:\/\/zoomproducciones.com.ar\/zoomp\/wp-json\/wp\/v2\/posts\/1694\/revisions\/1702"}],"wp:attachment":[{"href":"https:\/\/zoomproducciones.com.ar\/zoomp\/wp-json\/wp\/v2\/media?parent=1694"}],"wp:term":[{"taxonomy":"category","embeddable":true,"href":"https:\/\/zoomproducciones.com.ar\/zoomp\/wp-json\/wp\/v2\/categories?post=1694"},{"taxonomy":"post_tag","embeddable":true,"href":"https:\/\/zoomproducciones.com.ar\/zoomp\/wp-json\/wp\/v2\/tags?post=1694"}],"curies":[{"name":"wp","href":"https:\/\/api.w.org\/{rel}","templated":true}]}}