{"id":1691,"date":"2022-11-14T10:58:02","date_gmt":"2022-11-14T13:58:02","guid":{"rendered":"http:\/\/zoomproducciones.com.ar\/zoomp\/?p=1691"},"modified":"2022-11-14T10:58:02","modified_gmt":"2022-11-14T13:58:02","slug":"unne-este-martes-inicia-la-pre-inscripcion-online","status":"publish","type":"post","link":"https:\/\/zoomproducciones.com.ar\/zoomp\/unne-este-martes-inicia-la-pre-inscripcion-online\/","title":{"rendered":"UNNE: este martes inicia la pre inscripci\u00f3n online"},"content":{"rendered":"\n<p>La Universidad Nacional del Nordeste (Unne) iniciar\u00e1 este martes la inscripci\u00f3n\u00a0en las distintas carreras que poseen en Corrientes y Chaco. En esta ocasi\u00f3n la inscripci\u00f3n para el Ciclo lectivo 2023 se llevar\u00e1 a cabo \u00fanicamente\u00a0\u00a0<strong>de manera online mediante la plataforma SIU-GUARANI\u00a0<\/strong>(inscripciones.unne.edu.ar).<\/p>\n\n\n\n<h2 class=\"wp-block-heading\"><strong>Inscripci\u00f3n Online<\/strong><\/h2>\n\n\n\n<p>La Inscripci\u00f3n al Ciclo Acad\u00e9mico 2023 se realizara de manera virtual, debiendo adjuntar la siguiente documentaci\u00f3n en formato digital, en el sitio inscripciones.unne.edu.ar&nbsp;o con tu usuario por SIU Guaran\u00ed \u00bb en Tr\u00e1mites &gt; Inscripci\u00f3n a Propuestas :<\/p>\n\n\n\n<p>a)<strong>Documento Nacional de Identidad<\/strong>, anverso y reverso. En caso de ser extranjero sin D.N.I. deber\u00e1 presentar Pasaporte y si pertenece al MERCOSUR ser\u00e1 suficiente la C\u00e9dula de Identidad del MERCOSUR;<\/p>\n\n\n\n<p>b)<strong>Fotograf\u00eda digital 4&#215;4 cm. de fondo blanco<\/strong><\/p>\n\n\n\n<p>c)<strong>T\u00edtulo de Nivel Medio original,\u00a0<\/strong>o constancia de estudios secundarios completos (con la leyenda\u00a0\u00a0<strong>\u00abno adeuda materias\u00bb<\/strong>);\u00a0 si al momento de la inscripci\u00f3n no contase con alguno de los requisitos, deber\u00e1 presentar constancia expedida por la Instituci\u00f3n de finalizaci\u00f3n del cursado del \u00faltimo ciclo de ense\u00f1anza secundaria, indicando la\/s asignatura\/s que adeuda.<\/p>\n\n\n\n<p>d) Copia del<strong>carnet de vacunaci\u00f3n<\/strong>o registro de inmunizaciones de \u00abMi Argentina\u00bb (Vacuna Doble Adulto &#8211; 16 a\u00f1os &#8211; Calendario Obligatorio)<\/p>\n\n\n\n<h2 class=\"wp-block-heading\"><strong>INSCRIPCI\u00d3N PRIMER PER\u00cdODO:<\/strong><\/h2>\n\n\n\n<p>Desde el 15 de noviembre hasta el 23 de diciembre de 2022 (hasta las 23:55)<\/p>\n\n\n\n<p>&#8211; Facultad de Ciencias Agrarias<\/p>\n\n\n\n<p>&#8211; Facultad de Ciencias Veterinarias<\/p>\n\n\n\n<p>&#8211; Facultad de Odontolog\u00eda<\/p>\n\n\n\n<p>&#8211; Facultad de Medicina<\/p>\n\n\n\n<p>&#8211; Facultad de Derecho y Ciencias Sociales y Pol\u00edticas<\/p>\n\n\n\n<p>&#8211; Facultad de Ciencias Exactas y Naturales y Agrimensura<\/p>\n\n\n\n<p>&#8211; Facultad de Arquitectura y Urbanismo<\/p>\n\n\n\n<p>&#8211; Facultad de Humanidades<\/p>\n\n\n\n<p>&#8211; Facultad de Ciencias Econ\u00f3micas<\/p>\n\n\n\n<p>&#8211; Facultad de Ingenier\u00eda<\/p>\n\n\n\n<p>&#8211; Facultad de Artes, Dise\u00f1o y Ciencias de la Cultura<\/p>\n\n\n\n<p>&#8211; Instituto de Ciencias Criminal\u00edsticas y Criminolog\u00eda<\/p>\n\n\n\n<h2 class=\"wp-block-heading\"><strong>INSCRIPCI\u00d3N SEGUNDO PER\u00cdODO:<\/strong><\/h2>\n\n\n\n<p>Desde el 30 de enero hasta el 7 de febrero de 2023 (hasta las 23.55)<\/p>\n\n\n\n<p>&#8211; Facultad de Ciencias Agrarias<\/p>\n\n\n\n<p>Desde el 2 hasta el 10 de febrero de 2023 (hasta las 23.55)<\/p>\n\n\n\n<p>&#8211; Facultad de Ciencias Exactas y Naturales y Agrimensura<\/p>\n\n\n\n<p>&#8211; Facultad de Ingenier\u00eda<\/p>\n\n\n\n<p>Desde el 1\u00ba hasta el 28 de febrero de 2023 (hasta las 23.55)<\/p>\n\n\n\n<p>&#8211; Carrera de Comercio Exterior (Facultad de Cs. Econ\u00f3micas)<\/p>\n\n\n\n<p>Desde el 10 de febrero hasta el I0 de marzo de 2023 (hasta las 23.55)<\/p>\n\n\n\n<p>&#8211; Instituto de Administraci\u00f3n de Empresas Agropecuarias (Facultad de Cs. Veterinarias)<\/p>\n\n\n\n<p>&#8211; Carrera de Licenciatura en Gesti\u00f3n y Desarrollo Cultural (Facultad de Artes, Dise\u00f1o y Ciencias de la Cultura).<\/p>\n\n\n\n<p>Desde el 1\u00ba hasta el 31 de marzo de 2023 (hasta las 23.55)<\/p>\n\n\n\n<p>&#8211; Carrera de Procuraci\u00f3n (Facultad de Derecho y Ciencias Sociales y Pol\u00edticas)<\/p>\n\n\n\n<p>Desde el 1\u00ba de junio hasta el 31 de julio de 2023 (hasta las 21.55)<\/p>\n\n\n\n<p>&#8211; Ciclo de complementaci\u00f3n de Notariado para Abogados<\/p>\n\n\n\n<p>&#8211; Carrera de Martillero P\u00fablico y Corredor de Comercio.<\/p>\n\n\n\n<p>&#8211; Tecnicaturas: en Gesti\u00f3n en Administraci\u00f3n Central; en Gesti\u00f3n Parlamentaria, en Gesti\u00f3n Judicial y en Gesti\u00f3n Municipal.<\/p>\n","protected":false},"excerpt":{"rendered":"<p>La Universidad Nacional del Nordeste (Unne) iniciar\u00e1 este martes la inscripci\u00f3n\u00a0en las distintas carreras que poseen en Corrientes y Chaco. En esta ocasi\u00f3n la inscripci\u00f3n para el Ciclo lectivo 2023 se llevar\u00e1 a cabo \u00fanicamente\u00a0\u00a0de manera online mediante la plataforma SIU-GUARANI\u00a0(inscripciones.unne.edu.ar). Inscripci\u00f3n Online La Inscripci\u00f3n al Ciclo Acad\u00e9mico 2023 se realizara de manera virtual, debiendo [&hellip;]<\/p>\n","protected":false},"author":2,"featured_media":0,"comment_status":"closed","ping_status":"open","sticky":false,"template":"","format":"standard","meta":{"footnotes":""},"categories":[3],"tags":[125,240],"class_list":{"0":"post-1691","1":"post","2":"type-post","3":"status-publish","4":"format-standard","6":"category-provinciales","7":"tag-corrientes","8":"tag-unne"},"_links":{"self":[{"href":"https:\/\/zoomproducciones.com.ar\/zoomp\/wp-json\/wp\/v2\/posts\/1691","targetHints":{"allow":["GET"]}}],"collection":[{"href":"https:\/\/zoomproducciones.com.ar\/zoomp\/wp-json\/wp\/v2\/posts"}],"about":[{"href":"https:\/\/zoomproducciones.com.ar\/zoomp\/wp-json\/wp\/v2\/types\/post"}],"author":[{"embeddable":true,"href":"https:\/\/zoomproducciones.com.ar\/zoomp\/wp-json\/wp\/v2\/users\/2"}],"replies":[{"embeddable":true,"href":"https:\/\/zoomproducciones.com.ar\/zoomp\/wp-json\/wp\/v2\/comments?post=1691"}],"version-history":[{"count":1,"href":"https:\/\/zoomproducciones.com.ar\/zoomp\/wp-json\/wp\/v2\/posts\/1691\/revisions"}],"predecessor-version":[{"id":1693,"href":"https:\/\/zoomproducciones.com.ar\/zoomp\/wp-json\/wp\/v2\/posts\/1691\/revisions\/1693"}],"wp:attachment":[{"href":"https:\/\/zoomproducciones.com.ar\/zoomp\/wp-json\/wp\/v2\/media?parent=1691"}],"wp:term":[{"taxonomy":"category","embeddable":true,"href":"https:\/\/zoomproducciones.com.ar\/zoomp\/wp-json\/wp\/v2\/categories?post=1691"},{"taxonomy":"post_tag","embeddable":true,"href":"https:\/\/zoomproducciones.com.ar\/zoomp\/wp-json\/wp\/v2\/tags?post=1691"}],"curies":[{"name":"wp","href":"https:\/\/api.w.org\/{rel}","templated":true}]}}