{"id":16665,"date":"2024-06-24T07:44:41","date_gmt":"2024-06-24T10:44:41","guid":{"rendered":"http:\/\/zoomproducciones.com.ar\/zoomp\/?p=16665"},"modified":"2024-06-24T07:44:42","modified_gmt":"2024-06-24T10:44:42","slug":"patricia-bullrich-designa-una-nueva-secretaria-de-seguridad-para-reemplazar-a-ventura-barrios","status":"publish","type":"post","link":"https:\/\/zoomproducciones.com.ar\/zoomp\/patricia-bullrich-designa-una-nueva-secretaria-de-seguridad-para-reemplazar-a-ventura-barrios\/","title":{"rendered":"Patricia Bullrich designa una nueva secretaria de Seguridad para reemplazar a Ventura Barrios"},"content":{"rendered":"\n<p>En un movimiento contundente tras un esc\u00e1ndalo por presuntas irregularidades en el Servicio Penitenciario,<strong> la ministra de Seguridad Patricia Bullrich design\u00f3 a Alejandra Monteoliva<\/strong> como nueva secretaria de Seguridad de la Naci\u00f3n.<\/p>\n\n\n\n<p>Monteoliva, quien <strong>ya acompa\u00f1\u00f3 a Bullrich en su anterior gesti\u00f3n durante el gobierno de Mauricio Macri<\/strong>, llega con una amplia trayectoria internacional en seguridad, incluyendo asesoramiento en pa\u00edses como Colombia y El Salvador. Su e<strong>xperiencia con el \u00abModelo Bukele\u00bb implementado en El Salvador <\/strong>por el presidente Nayib Bukele, conocido por su mano dura contra el crimen, fue destacada por la propia Bullrich.<\/p>\n\n\n\n<p>\u00ab<strong>Alejandra es la persona indicada para este momento hist\u00f3rico<\/strong>. Con su experiencia en gesti\u00f3n y su trabajo en seguridad en pa\u00edses como Honduras y El Salvador, tendr\u00e1 la enorme responsabilidad de colaborar en la seguridad de Argentina\u00bb, expres\u00f3 Bullrich a trav\u00e9s de su cuenta de X (anteriormente Twitter).<\/p>\n\n\n\n<p>La designaci\u00f3n de Monteoliva se produce tras el <strong>desplazamiento de Vicente Ventura Barrios<\/strong>, ligado al diputado Cristian Ritondo, por su <strong>presunta implicaci\u00f3n en irregularidades en la compra de alimentos para el Servicio Penitenciario<\/strong>. A pesar de las especulaciones sobre un posible v\u00ednculo entre la salida de Barrios y las tensiones internas dentro del PRO, Bullrich fue tajante: <strong>\u00abEsto no tiene que ver con la interna del PRO, sino con la transparencia en la gesti\u00f3n,<\/strong> algo que he defendido toda mi vida\u00bb.<\/p>\n\n\n\n<p>Monteoliva, licenciada en Relaciones Internacionales y con un master en Planificaci\u00f3n y Gesti\u00f3n del Desarrollo, posee una vasta experiencia como asesora de las Naciones Unidas en proyectos de seguridad ciudadana en Latinoam\u00e9rica. <strong>Durante la gesti\u00f3n de Bullrich entre 2015 y 2019, se desempe\u00f1\u00f3 como directora nacional del Sistema de Informaci\u00f3n Criminal<\/strong> y luego como directora nacional de Operaciones, coordinando el trabajo entre el Ministerio y las fuerzas federales.<br><\/p>\n","protected":false},"excerpt":{"rendered":"<p>En un movimiento contundente tras un esc\u00e1ndalo por presuntas irregularidades en el Servicio Penitenciario, la ministra de Seguridad Patricia Bullrich design\u00f3 a Alejandra Monteoliva como nueva secretaria de Seguridad de la Naci\u00f3n. Monteoliva, quien ya acompa\u00f1\u00f3 a Bullrich en su anterior gesti\u00f3n durante el gobierno de Mauricio Macri, llega con una amplia trayectoria internacional en [&hellip;]<\/p>\n","protected":false},"author":2,"featured_media":16666,"comment_status":"closed","ping_status":"open","sticky":false,"template":"","format":"standard","meta":{"footnotes":""},"categories":[8],"tags":[118,511],"class_list":{"0":"post-16665","1":"post","2":"type-post","3":"status-publish","4":"format-standard","5":"has-post-thumbnail","7":"category-nacionales","8":"tag-argentina","9":"tag-bloque-2"},"_links":{"self":[{"href":"https:\/\/zoomproducciones.com.ar\/zoomp\/wp-json\/wp\/v2\/posts\/16665","targetHints":{"allow":["GET"]}}],"collection":[{"href":"https:\/\/zoomproducciones.com.ar\/zoomp\/wp-json\/wp\/v2\/posts"}],"about":[{"href":"https:\/\/zoomproducciones.com.ar\/zoomp\/wp-json\/wp\/v2\/types\/post"}],"author":[{"embeddable":true,"href":"https:\/\/zoomproducciones.com.ar\/zoomp\/wp-json\/wp\/v2\/users\/2"}],"replies":[{"embeddable":true,"href":"https:\/\/zoomproducciones.com.ar\/zoomp\/wp-json\/wp\/v2\/comments?post=16665"}],"version-history":[{"count":1,"href":"https:\/\/zoomproducciones.com.ar\/zoomp\/wp-json\/wp\/v2\/posts\/16665\/revisions"}],"predecessor-version":[{"id":16673,"href":"https:\/\/zoomproducciones.com.ar\/zoomp\/wp-json\/wp\/v2\/posts\/16665\/revisions\/16673"}],"wp:featuredmedia":[{"embeddable":true,"href":"https:\/\/zoomproducciones.com.ar\/zoomp\/wp-json\/wp\/v2\/media\/16666"}],"wp:attachment":[{"href":"https:\/\/zoomproducciones.com.ar\/zoomp\/wp-json\/wp\/v2\/media?parent=16665"}],"wp:term":[{"taxonomy":"category","embeddable":true,"href":"https:\/\/zoomproducciones.com.ar\/zoomp\/wp-json\/wp\/v2\/categories?post=16665"},{"taxonomy":"post_tag","embeddable":true,"href":"https:\/\/zoomproducciones.com.ar\/zoomp\/wp-json\/wp\/v2\/tags?post=16665"}],"curies":[{"name":"wp","href":"https:\/\/api.w.org\/{rel}","templated":true}]}}