{"id":1666,"date":"2022-11-11T10:35:16","date_gmt":"2022-11-11T13:35:16","guid":{"rendered":"http:\/\/zoomproducciones.com.ar\/zoomp\/?p=1666"},"modified":"2022-11-11T10:35:16","modified_gmt":"2022-11-11T13:35:16","slug":"mundial-los-dilemas-de-scaloni-para-completar-la-lista-de-26","status":"publish","type":"post","link":"https:\/\/zoomproducciones.com.ar\/zoomp\/mundial-los-dilemas-de-scaloni-para-completar-la-lista-de-26\/","title":{"rendered":"Mundial: los dilemas de Scaloni para completar la lista de 26"},"content":{"rendered":"\n<p>El director t\u00e9cnico del seleccionado argentino, Lionel Scaloni, tiene 23 de los 26 nombres de la lista \u00abdefinidos\u00bb y maneja cinco opciones para los tres cupos restantes. Entre las constantes reuniones de Scaloni con sus colaboradores crece cada vez m\u00e1s la posibilidad del\u00a0<strong>noveno defensor<\/strong>. En la parte ofensiva surgen las mayores dudas porque Paulo Dybala, \u00c1ngel Correa y Joaqu\u00edn Correa pelear\u00edan por los \u00faltimos dos lugares.<\/p>\n\n\n\n<p>A cuatro d\u00edas de la fecha l\u00edmite para entregar la n\u00f3mina oficial de 26 futbolistas a la FIFA, el cuerpo t\u00e9cnico ya tiene 23 jugadores \u00abdefinidos\u00bb.<\/p>\n\n\n\n<p>As\u00ed lo anticip\u00f3 el presidente de la<strong>\u00a0AFA, Claudio Tapia, quien encabeza la reducida delegaci\u00f3n \u00abAlbiceleste\u00bb en Abu Dhabi, en declaraciones a Radio Mitre.<\/strong><\/p>\n\n\n\n<p>Scaloni inici\u00f3 el d\u00eda con buenas noticias que llegaron desde Par\u00eds ya que tal como estaba previsto,\u00a0<strong>el capit\u00e1n del seleccionado argentino, Lionel Messi, volvi\u00f3 a entrenarse con normalidad luego de una inflamaci\u00f3n en el tend\u00f3n de Aquiles.<\/strong><\/p>\n\n\n\n<p>Luego, el resto del cuerpo t\u00e9cnico integrado por Walter Samuel, Roberto Ayala y Pablo Aimar observ\u00f3 en vivo a Arabia Saudita, el rival del debut mundialista del pr\u00f3ximo martes 22 de noviembre en el estadio Lusail, que empat\u00f3 1-1 ante Panam\u00e1.<\/p>\n\n\n\n<p>A su vez, Franco Armani junto al juvenil Federico Gomes Gerth realizaron bajo los \u00f3rdenes de los preparadores Dami\u00e1n Albil y Mart\u00edn Tocalli un leve entrenamiento.<\/p>\n\n\n\n<h2 class=\"wp-block-heading\">Los dilemas a resolver por Scaloni<\/h2>\n\n\n\n<p>Entre las constantes reuniones de Scaloni con sus colaboradores crece cada vez m\u00e1s la posibilidad del&nbsp;<strong>noveno defensor<\/strong>.<\/p>\n\n\n\n<p>Y por este motivo tambi\u00e9n aumentan las chances de Juan Foyth, quien luego de dos meses de recuperaci\u00f3n por una lesi\u00f3n en la rodilla izquierda jug\u00f3 el mi\u00e9rcoles 15 minutos para Villarreal contra Espanyol por LaLiga espa\u00f1ola.<\/p>\n\n\n\n<figure class=\"wp-block-image\"><a href=\"javascript:void(0);\"><img decoding=\"async\" src=\"https:\/\/www.telam.com.ar\/thumbs\/bluesteel\/advf\/imagenes\/2019\/07\/5d1bff8e6b926_1200.png\" alt=\"Juan Foyth en accin con la camiseta de ArgentinaFoto EFE\"\/><\/a><figcaption class=\"wp-element-caption\">Juan Foyth en acci\u00f3n con la camiseta de Argentina.\/Foto: EFE<\/figcaption><\/figure>\n\n\n\n<p>El ex Estudiantes de La Plata ser\u00eda el noveno elemento junto a Gonzalo Montiel, Nahuel Molina, Cristian Romero, Germ\u00e1n Pezzella, Nicol\u00e1s Otamendi, Lisandro Mart\u00ednez, Marcos Acu\u00f1a y Nicol\u00e1s Tagliafico.<\/p>\n\n\n\n<p>Foyth, al igual que Ger\u00f3nimo Rulli -uno de los tres arqueros junto a Emiliano Mart\u00ednez y Franco Armani-, tienen un compromiso con su club por Copa del Rey pero hay gestiones para que puedan ser liberados.<\/p>\n\n\n\n<p>Un escal\u00f3n por debajo de Foyth asoma Facundo Medina, el ex River y Talleres, que atraviesa un gran momento en Francia en su tercera temporada en Lens.<\/p>\n\n\n\n<figure class=\"wp-block-image\"><a href=\"javascript:void(0);\"><img decoding=\"async\" src=\"https:\/\/www.telam.com.ar\/thumbs\/bluesteel\/advf\/imagenes\/2021\/09\/6155c45b15f3e_1200.jpg\" alt=\"Facundo Medina un futbolista seguido desde siempre por Scaloni\"\/><\/a><figcaption class=\"wp-element-caption\">Facundo Medina, un futbolista seguido desde siempre por Scaloni<\/figcaption><\/figure>\n\n\n\n<p>El defensor zurdo est\u00e1 muy bien considerado por Scaloni pese a que solo disput\u00f3 diez minutos en todo el ciclo: ingres\u00f3 contra Bolivia en La Paz y ante Uruguay en el estadio Monumental, ambos por las Eliminatorias sudamericanas.<\/p>\n\n\n\n<p>Todav\u00eda m\u00e1s atr\u00e1s quedaron las posibilidades de Marcos Senesi, quien opt\u00f3 jugar para Argentina pese al intento de Italia por nacionalizarlo.<\/p>\n\n\n\n<p>En el&nbsp;<strong>mediocampo<\/strong>, tras la dura baja de Giovani Lo Celso, la situaci\u00f3n parece estar m\u00e1s clara ya que ser\u00edan siete futbolistas: Leandro Paredes y Guido Rodr\u00edguez para el centro, Rodrigo De Paul y Exequiel Palacios como internos por derecha y Alexis Mac Allister y Alejandro G\u00f3mez, como alternativas por izquierda.<\/p>\n\n\n\n<p>A este grupo se le suma Enzo Fern\u00e1ndez, el ex River Plate que brilla en Benfica y parece haberse ganado un lugar con los 63 minutos oficiales que disput\u00f3 con la camiseta de la selecci\u00f3n en la \u00faltima gira por Estados Unidos.<\/p>\n\n\n\n<p>En la parte ofensiva surgen las mayores dudas porque Paulo Dybala, \u00c1ngel Correa y Joaqu\u00edn Correa pelear\u00edan por los \u00faltimos dos lugares.<\/p>\n\n\n\n<figure class=\"wp-block-image\"><img decoding=\"async\" src=\"https:\/\/www.telam.com.ar\/thumbs\/bluesteel\/advf\/imagenes\/2022\/06\/629b609c0bf00_655.jpg\" alt=\"Telam SE\"\/><\/figure>\n\n\n\n<p><br>La \u00abJoya\u00bb est\u00e1 inactivo desde el 9 de octubre por una lesi\u00f3n en el recto femoral de la pierna izquierda y est\u00e1 en la \u00faltima fase de recuperaci\u00f3n.<\/p>\n\n\n\n<p>Sin embargo, el entrenador de Roma, el portugu\u00e9s Jos\u00e9 Mourinho, puso en duda su presencia en el partido del domingo pr\u00f3ximo ante Torino y eso reducir\u00eda sus chances.<\/p>\n\n\n\n<p>Si est\u00e1 en condiciones, el cordob\u00e9s se quedar\u00eda con un pasaje y el otro saldr\u00eda en un mano a mano entre los Correa.<\/p>\n\n\n\n<p>\u00c1ngel siempre fue una fija en las convocatorias de Scaloni pero esas presencias no siempre terminaban con minutos de juego. De hecho, en todo el ciclo jug\u00f3 dos veces desde el inicio: contra Alemania en un amistoso en 2019 y en la Copa Am\u00e9rica 2021 ante Bolivia en un equipo alternativo.<\/p>\n\n\n\n<p>Con el \u00abTucu\u00bb sucede algo parecido. Fue el autor de uno de los goles m\u00e1s importantes del ciclo (el 2-1 contra Bolivia en La Paz) pero de titular sali\u00f3 en dos partidos y en ambos fue reemplazado.<\/p>\n\n\n\n<p>En ese sector, los confirmados son&nbsp;<strong>Messi, Lautaro Mart\u00ednez, Juli\u00e1n \u00c1lvarez, \u00c1ngel Di Mar\u00eda y Nicol\u00e1s Gonz\u00e1lez.<\/strong><\/p>\n\n\n\n<p>Este \u00faltimo, un comod\u00edn que siempre aport\u00f3 soluciones al cuerpo t\u00e9cnico, tambi\u00e9n est\u00e1 entre los \u00abtocados\u00bb ya que no juega con Fiorentina desde el pasado 22 de octubre por una lesi\u00f3n muscular.<\/p>\n\n\n\n<figure class=\"wp-block-image\"><a href=\"javascript:void(0);\"><img decoding=\"async\" src=\"https:\/\/www.telam.com.ar\/thumbs\/bluesteel\/advf\/imagenes\/2022\/08\/62fd6e404fcb0_1200.jpg\" alt=\"Cristian Cuti Romero con la mira en Qatar 2022 Foto AFP\"\/><\/a><figcaption class=\"wp-element-caption\">Cristian \u00abCuti\u00bb Romero, con la mira en Qatar 2022 \/Foto: AFP<\/figcaption><\/figure>\n\n\n\n<p>Algo similar ocurre con el \u00abCuti\u00bb Romero, quien ser\u00eda liberado el s\u00e1bado despu\u00e9s del partido entre Tottenham y Leeds por la Premier League pero no suma minutos desde el 26 de octubre.<\/p>\n\n\n\n<p>El cuerpo t\u00e9cnico del campe\u00f3n de Am\u00e9rica todav\u00eda tiene que pasar un obst\u00e1culo m\u00e1s ya que el fin de semana la mayor\u00eda de los convocados tendr\u00e1n partidos en sus respectivos equipos en Europa y reci\u00e9n el domingo por la noche podr\u00e1n sacar las \u00faltimas conclusiones.<\/p>\n","protected":false},"excerpt":{"rendered":"<p>El director t\u00e9cnico del seleccionado argentino, Lionel Scaloni, tiene 23 de los 26 nombres de la lista \u00abdefinidos\u00bb y maneja cinco opciones para los tres cupos restantes. Entre las constantes reuniones de Scaloni con sus colaboradores crece cada vez m\u00e1s la posibilidad del\u00a0noveno defensor. En la parte ofensiva surgen las mayores dudas porque Paulo Dybala, [&hellip;]<\/p>\n","protected":false},"author":2,"featured_media":0,"comment_status":"closed","ping_status":"open","sticky":false,"template":"","format":"standard","meta":{"footnotes":""},"categories":[167],"tags":[118,231,42,232,233],"class_list":{"0":"post-1666","1":"post","2":"type-post","3":"status-publish","4":"format-standard","6":"category-deportes","7":"tag-argentina","8":"tag-copa-del-mundo","9":"tag-featured","10":"tag-messi","11":"tag-scaloni"},"_links":{"self":[{"href":"https:\/\/zoomproducciones.com.ar\/zoomp\/wp-json\/wp\/v2\/posts\/1666","targetHints":{"allow":["GET"]}}],"collection":[{"href":"https:\/\/zoomproducciones.com.ar\/zoomp\/wp-json\/wp\/v2\/posts"}],"about":[{"href":"https:\/\/zoomproducciones.com.ar\/zoomp\/wp-json\/wp\/v2\/types\/post"}],"author":[{"embeddable":true,"href":"https:\/\/zoomproducciones.com.ar\/zoomp\/wp-json\/wp\/v2\/users\/2"}],"replies":[{"embeddable":true,"href":"https:\/\/zoomproducciones.com.ar\/zoomp\/wp-json\/wp\/v2\/comments?post=1666"}],"version-history":[{"count":1,"href":"https:\/\/zoomproducciones.com.ar\/zoomp\/wp-json\/wp\/v2\/posts\/1666\/revisions"}],"predecessor-version":[{"id":1669,"href":"https:\/\/zoomproducciones.com.ar\/zoomp\/wp-json\/wp\/v2\/posts\/1666\/revisions\/1669"}],"wp:attachment":[{"href":"https:\/\/zoomproducciones.com.ar\/zoomp\/wp-json\/wp\/v2\/media?parent=1666"}],"wp:term":[{"taxonomy":"category","embeddable":true,"href":"https:\/\/zoomproducciones.com.ar\/zoomp\/wp-json\/wp\/v2\/categories?post=1666"},{"taxonomy":"post_tag","embeddable":true,"href":"https:\/\/zoomproducciones.com.ar\/zoomp\/wp-json\/wp\/v2\/tags?post=1666"}],"curies":[{"name":"wp","href":"https:\/\/api.w.org\/{rel}","templated":true}]}}