{"id":16657,"date":"2024-06-24T07:27:56","date_gmt":"2024-06-24T10:27:56","guid":{"rendered":"http:\/\/zoomproducciones.com.ar\/zoomp\/?p=16657"},"modified":"2024-06-24T07:27:57","modified_gmt":"2024-06-24T10:27:57","slug":"volvio-el-frio-en-paso-de-los-libres-minimas-de-10oc-para-este-lunes","status":"publish","type":"post","link":"https:\/\/zoomproducciones.com.ar\/zoomp\/volvio-el-frio-en-paso-de-los-libres-minimas-de-10oc-para-este-lunes\/","title":{"rendered":"Volvi\u00f3 el fr\u00edo en Paso de los Libres: m\u00ednimas de 10\u00baC para este lunes"},"content":{"rendered":"\n<p>Con una primera quincena de junio bastante c\u00e1lida, el fr\u00edo regres\u00f3 en la mayor\u00eda de las provincias del pa\u00eds. En Paso de los Libres la sensaci\u00f3n t\u00e9rmica al rededor de las 6 AM marcaba 7\u00baC. <\/p>\n\n\n\n<p>La m\u00ednima pron\u00f3sticada para hoy es de 10\u00baC y la m\u00e1xima de 16\u00baC. Seg\u00fan el Servicio Meteorol\u00f3gico Nacional, podr\u00edan caer lluvias aisladas durante la ma\u00f1ana. Se espera una jornada nublada en la ciudad.<\/p>\n\n\n\n<p>La humedad es del 82% y las r\u00e1fagas de viento provienen del sur. <\/p>\n\n\n\n<p>Las temperaturas se mantendr\u00e1n bajas en el pa\u00eds, y el pron\u00f3stico extendido indica que la Patagonia se convertir\u00e1 en el punto m\u00e1s fr\u00edo del planeta el pr\u00f3ximo martes.<\/p>\n","protected":false},"excerpt":{"rendered":"<p>Con una primera quincena de junio bastante c\u00e1lida, el fr\u00edo regres\u00f3 en la mayor\u00eda de las provincias del pa\u00eds. En Paso de los Libres la sensaci\u00f3n t\u00e9rmica al rededor de las 6 AM marcaba 7\u00baC. La m\u00ednima pron\u00f3sticada para hoy es de 10\u00baC y la m\u00e1xima de 16\u00baC. Seg\u00fan el Servicio Meteorol\u00f3gico Nacional, podr\u00edan caer [&hellip;]<\/p>\n","protected":false},"author":2,"featured_media":16658,"comment_status":"closed","ping_status":"open","sticky":false,"template":"","format":"standard","meta":{"footnotes":""},"categories":[5],"tags":[42,116],"class_list":{"0":"post-16657","1":"post","2":"type-post","3":"status-publish","4":"format-standard","5":"has-post-thumbnail","7":"category-locales","8":"tag-featured","9":"tag-paso-de-los-libres"},"_links":{"self":[{"href":"https:\/\/zoomproducciones.com.ar\/zoomp\/wp-json\/wp\/v2\/posts\/16657","targetHints":{"allow":["GET"]}}],"collection":[{"href":"https:\/\/zoomproducciones.com.ar\/zoomp\/wp-json\/wp\/v2\/posts"}],"about":[{"href":"https:\/\/zoomproducciones.com.ar\/zoomp\/wp-json\/wp\/v2\/types\/post"}],"author":[{"embeddable":true,"href":"https:\/\/zoomproducciones.com.ar\/zoomp\/wp-json\/wp\/v2\/users\/2"}],"replies":[{"embeddable":true,"href":"https:\/\/zoomproducciones.com.ar\/zoomp\/wp-json\/wp\/v2\/comments?post=16657"}],"version-history":[{"count":1,"href":"https:\/\/zoomproducciones.com.ar\/zoomp\/wp-json\/wp\/v2\/posts\/16657\/revisions"}],"predecessor-version":[{"id":16662,"href":"https:\/\/zoomproducciones.com.ar\/zoomp\/wp-json\/wp\/v2\/posts\/16657\/revisions\/16662"}],"wp:featuredmedia":[{"embeddable":true,"href":"https:\/\/zoomproducciones.com.ar\/zoomp\/wp-json\/wp\/v2\/media\/16658"}],"wp:attachment":[{"href":"https:\/\/zoomproducciones.com.ar\/zoomp\/wp-json\/wp\/v2\/media?parent=16657"}],"wp:term":[{"taxonomy":"category","embeddable":true,"href":"https:\/\/zoomproducciones.com.ar\/zoomp\/wp-json\/wp\/v2\/categories?post=16657"},{"taxonomy":"post_tag","embeddable":true,"href":"https:\/\/zoomproducciones.com.ar\/zoomp\/wp-json\/wp\/v2\/tags?post=16657"}],"curies":[{"name":"wp","href":"https:\/\/api.w.org\/{rel}","templated":true}]}}