{"id":16655,"date":"2024-06-24T07:28:04","date_gmt":"2024-06-24T10:28:04","guid":{"rendered":"http:\/\/zoomproducciones.com.ar\/zoomp\/?p=16655"},"modified":"2024-06-24T07:28:05","modified_gmt":"2024-06-24T10:28:05","slug":"carlos-perez-detenido-por-la-desaparicion-de-loan-pena-intento-suicidarse-y-busca-negociar-con-la-justicia","status":"publish","type":"post","link":"https:\/\/zoomproducciones.com.ar\/zoomp\/carlos-perez-detenido-por-la-desaparicion-de-loan-pena-intento-suicidarse-y-busca-negociar-con-la-justicia\/","title":{"rendered":"Carlos P\u00e9rez, detenido por la desaparici\u00f3n de Loan Pe\u00f1a, intent\u00f3 suicidarse y busca negociar con la Justicia"},"content":{"rendered":"\n<p>La tensi\u00f3n aumenta en el marco de la investigaci\u00f3n por la desaparici\u00f3n de Loan Pe\u00f1a. Carlos P\u00e9rez, excapit\u00e1n de la Armada detenido en relaci\u00f3n al caso,<strong> intent\u00f3 quitarse la vida en la seccional sexta de Goya,<\/strong> donde se encuentra recluido.<\/p>\n\n\n\n<p>Seg\u00fan informaci\u00f3n a la que accedi\u00f3 TN, <strong>P\u00e9rez habr\u00eda utilizado un cord\u00f3n de su calzado para intentar ahorcarse, <\/strong>siendo salvado por la intervenci\u00f3n del personal penitenciario.<\/p>\n\n\n\n<p>En un intento por negociar con la Justicia, el excapit\u00e1n de nav\u00edo habr\u00eda solicitado declarar ante el juez a cambio de un juicio abreviado. Se desconoce a\u00fan el contenido de su declaraci\u00f3n y si podr\u00eda arrojar luz sobre el paradero de Loan.<\/p>\n","protected":false},"excerpt":{"rendered":"<p>La tensi\u00f3n aumenta en el marco de la investigaci\u00f3n por la desaparici\u00f3n de Loan Pe\u00f1a. Carlos P\u00e9rez, excapit\u00e1n de la Armada detenido en relaci\u00f3n al caso, intent\u00f3 quitarse la vida en la seccional sexta de Goya, donde se encuentra recluido. Seg\u00fan informaci\u00f3n a la que accedi\u00f3 TN, P\u00e9rez habr\u00eda utilizado un cord\u00f3n de su calzado [&hellip;]<\/p>\n","protected":false},"author":2,"featured_media":16656,"comment_status":"closed","ping_status":"open","sticky":false,"template":"","format":"standard","meta":{"footnotes":""},"categories":[3],"tags":[125,42],"class_list":{"0":"post-16655","1":"post","2":"type-post","3":"status-publish","4":"format-standard","5":"has-post-thumbnail","7":"category-provinciales","8":"tag-corrientes","9":"tag-featured"},"_links":{"self":[{"href":"https:\/\/zoomproducciones.com.ar\/zoomp\/wp-json\/wp\/v2\/posts\/16655","targetHints":{"allow":["GET"]}}],"collection":[{"href":"https:\/\/zoomproducciones.com.ar\/zoomp\/wp-json\/wp\/v2\/posts"}],"about":[{"href":"https:\/\/zoomproducciones.com.ar\/zoomp\/wp-json\/wp\/v2\/types\/post"}],"author":[{"embeddable":true,"href":"https:\/\/zoomproducciones.com.ar\/zoomp\/wp-json\/wp\/v2\/users\/2"}],"replies":[{"embeddable":true,"href":"https:\/\/zoomproducciones.com.ar\/zoomp\/wp-json\/wp\/v2\/comments?post=16655"}],"version-history":[{"count":1,"href":"https:\/\/zoomproducciones.com.ar\/zoomp\/wp-json\/wp\/v2\/posts\/16655\/revisions"}],"predecessor-version":[{"id":16664,"href":"https:\/\/zoomproducciones.com.ar\/zoomp\/wp-json\/wp\/v2\/posts\/16655\/revisions\/16664"}],"wp:featuredmedia":[{"embeddable":true,"href":"https:\/\/zoomproducciones.com.ar\/zoomp\/wp-json\/wp\/v2\/media\/16656"}],"wp:attachment":[{"href":"https:\/\/zoomproducciones.com.ar\/zoomp\/wp-json\/wp\/v2\/media?parent=16655"}],"wp:term":[{"taxonomy":"category","embeddable":true,"href":"https:\/\/zoomproducciones.com.ar\/zoomp\/wp-json\/wp\/v2\/categories?post=16655"},{"taxonomy":"post_tag","embeddable":true,"href":"https:\/\/zoomproducciones.com.ar\/zoomp\/wp-json\/wp\/v2\/tags?post=16655"}],"curies":[{"name":"wp","href":"https:\/\/api.w.org\/{rel}","templated":true}]}}