{"id":16647,"date":"2024-06-21T08:25:18","date_gmt":"2024-06-21T11:25:18","guid":{"rendered":"http:\/\/zoomproducciones.com.ar\/zoomp\/?p=16647"},"modified":"2024-06-21T08:42:05","modified_gmt":"2024-06-21T11:42:05","slug":"valdes-se-mostro-optimista-con-el-acuerdo-con-nacion-por-el-financiamiento-de-las-obras-publicas","status":"publish","type":"post","link":"https:\/\/zoomproducciones.com.ar\/zoomp\/valdes-se-mostro-optimista-con-el-acuerdo-con-nacion-por-el-financiamiento-de-las-obras-publicas\/","title":{"rendered":"Financiamiento de obras p\u00fablicas: Vald\u00e9s se mostr\u00f3 optimista por el acuerdo con Naci\u00f3n"},"content":{"rendered":"\n<p>Tras m\u00e1s de una semana de negociaciones,<strong> la Provincia de Corrientes se encuentra a punto de alcanzar un acuerdo con la Naci\u00f3n <\/strong>para el financiamiento de obras p\u00fablicas. El <strong>gobernador Gustavo Vald\u00e9s afirm\u00f3 que la pr\u00f3xima semana se podr\u00eda firmar el acuerdo<\/strong>.<\/p>\n\n\n\n<p>La llegada de Milei al poder y su objetivo de d\u00e9ficit cero p<strong>aralizaron la mayor\u00eda de las obras p\u00fablicas de origen nacional<\/strong>, lo que gener\u00f3 preocupaci\u00f3n en las provincias. En las \u00faltimas semanas, algunas jurisdicciones lograron llegar a acuerdos con el gobierno libertario, p<strong>ero Corrientes tuvo que esperar debido a la gira internacional del gobernador Vald\u00e9s<\/strong> y el cambio en la Jefatura de Gabinete de Ministros.<\/p>\n\n\n\n<p>Vald\u00e9s, quien regres\u00f3 de un viaje de 15 d\u00edas a Suiza y Estados Unidos, se mostr\u00f3 optimista sobre el cierre del acuerdo: <strong>\u00abEstamos viendo qu\u00e9 obras nos haremos cargo y cu\u00e1les tiene que continuar el Gobierno (nacional) <\/strong>con financiamiento internacional. Estamos conversando y, si Dios quiere, vamos a terminar de apuntar esto esta semana y ojal\u00e1 que podamos llegar a un acuerdo\u00bb.<\/p>\n\n\n\n<p>El ministro de Obras y Servicios P\u00fablicos de Corrientes,<strong> Claudio Polich, <\/strong>mantuvo reuniones en la Casa Rosada para definir la lista de obras prioritarias para la Provincia, las condiciones de financiamiento y la responsabilidad de cada parte.<\/p>\n\n\n\n<p>Entre las obras que Corrientes prioriza <strong>se encuentran la autov\u00eda de las rutas N.\u00ba 2 y N.\u00ba 126 entre Sauce y Curuz\u00fa Cuati\u00e1<\/strong>,<strong> la planta de tratamiento cloacal <\/strong>de la capital provincial y del paraje Labougle, en Monte Caseros, y un <strong>paquete de obras escolares.<\/strong><\/p>\n\n\n\n<p>El <strong>gobernador Vald\u00e9s tambi\u00e9n destac\u00f3 la necesidad de buscar fuentes de financiamiento alternativas,<\/strong> como cr\u00e9ditos internacionales, para lo que se requiere la firma de acuerdos previos con la Naci\u00f3n.<\/p>\n\n\n\n<p>En su \u00faltima gira por Estados Unidos, Vald\u00e9s se reuni\u00f3 con autoridades del Banco Mundial y el Banco Interamericano de Desarrollo (BID), explorando posibilidades de financiamiento para proyectos locales.<\/p>\n","protected":false},"excerpt":{"rendered":"<p>Tras m\u00e1s de una semana de negociaciones, la Provincia de Corrientes se encuentra a punto de alcanzar un acuerdo con la Naci\u00f3n para el financiamiento de obras p\u00fablicas. El gobernador Gustavo Vald\u00e9s afirm\u00f3 que la pr\u00f3xima semana se podr\u00eda firmar el acuerdo. La llegada de Milei al poder y su objetivo de d\u00e9ficit cero paralizaron [&hellip;]<\/p>\n","protected":false},"author":2,"featured_media":13747,"comment_status":"closed","ping_status":"open","sticky":false,"template":"","format":"standard","meta":{"footnotes":""},"categories":[3],"tags":[511,125],"class_list":{"0":"post-16647","1":"post","2":"type-post","3":"status-publish","4":"format-standard","5":"has-post-thumbnail","7":"category-provinciales","8":"tag-bloque-2","9":"tag-corrientes"},"_links":{"self":[{"href":"https:\/\/zoomproducciones.com.ar\/zoomp\/wp-json\/wp\/v2\/posts\/16647","targetHints":{"allow":["GET"]}}],"collection":[{"href":"https:\/\/zoomproducciones.com.ar\/zoomp\/wp-json\/wp\/v2\/posts"}],"about":[{"href":"https:\/\/zoomproducciones.com.ar\/zoomp\/wp-json\/wp\/v2\/types\/post"}],"author":[{"embeddable":true,"href":"https:\/\/zoomproducciones.com.ar\/zoomp\/wp-json\/wp\/v2\/users\/2"}],"replies":[{"embeddable":true,"href":"https:\/\/zoomproducciones.com.ar\/zoomp\/wp-json\/wp\/v2\/comments?post=16647"}],"version-history":[{"count":2,"href":"https:\/\/zoomproducciones.com.ar\/zoomp\/wp-json\/wp\/v2\/posts\/16647\/revisions"}],"predecessor-version":[{"id":16654,"href":"https:\/\/zoomproducciones.com.ar\/zoomp\/wp-json\/wp\/v2\/posts\/16647\/revisions\/16654"}],"wp:featuredmedia":[{"embeddable":true,"href":"https:\/\/zoomproducciones.com.ar\/zoomp\/wp-json\/wp\/v2\/media\/13747"}],"wp:attachment":[{"href":"https:\/\/zoomproducciones.com.ar\/zoomp\/wp-json\/wp\/v2\/media?parent=16647"}],"wp:term":[{"taxonomy":"category","embeddable":true,"href":"https:\/\/zoomproducciones.com.ar\/zoomp\/wp-json\/wp\/v2\/categories?post=16647"},{"taxonomy":"post_tag","embeddable":true,"href":"https:\/\/zoomproducciones.com.ar\/zoomp\/wp-json\/wp\/v2\/tags?post=16647"}],"curies":[{"name":"wp","href":"https:\/\/api.w.org\/{rel}","templated":true}]}}