{"id":16641,"date":"2024-06-21T08:18:42","date_gmt":"2024-06-21T11:18:42","guid":{"rendered":"http:\/\/zoomproducciones.com.ar\/zoomp\/?p=16641"},"modified":"2024-06-21T08:18:43","modified_gmt":"2024-06-21T11:18:43","slug":"milei-inicia-gira-europea-con-polemica-ayuso-lo-condecora-mientras-sanchez-le-cierra-las-puertas","status":"publish","type":"post","link":"https:\/\/zoomproducciones.com.ar\/zoomp\/milei-inicia-gira-europea-con-polemica-ayuso-lo-condecora-mientras-sanchez-le-cierra-las-puertas\/","title":{"rendered":"Milei inicia gira europea con pol\u00e9mica: Ayuso lo condecora mientras S\u00e1nchez le cierra las puertas"},"content":{"rendered":"\n<p>El presidente <strong>Javier Milei inicia este viernes una gira por Europa marcada por la pol\u00e9mica con Espa\u00f1a<\/strong>. Si bien recibir\u00e1 la Medalla Internacional de la Comunidad de Madrid de manos de la presidenta Isabel D\u00edaz Ayuso, e<strong>l gobierno espa\u00f1ol le ha negado un encuentro con el rey Felipe VI.<\/strong><\/p>\n\n\n\n<p><strong>Milei llegar\u00e1 a Madrid a las 9:00 de la ma\u00f1ana y se reunir\u00e1 con Ayuso a las 14:00<\/strong> (hora argentina), recibiendo la condecoraci\u00f3n en un acto que se considera un gesto de apoyo por parte de la l\u00edder del Partido Popular, opositora al gobierno de Pedro S\u00e1nchez.<\/p>\n\n\n\n<p><strong>A las 17:00, Milei recibir\u00e1 el Premio Juan de Mariana 2024 en el Real Casino de Madrid,<\/strong> donde pronunciar\u00e1 un discurso junto a referentes del \u00e1mbito acad\u00e9mico.<\/p>\n\n\n\n<p>L<strong>a negativa de S\u00e1nchez a conceder una audiencia al presidente argentino se debe a la tensa relaci\u00f3n entre ambos<\/strong>, que se vio agravada por las acusaciones de Milei contra la esposa del mandatario espa\u00f1ol, a quien calific\u00f3 de \u00abcorrupta\u00bb.<\/p>\n\n\n\n<p><strong>El s\u00e1bado, Milei viajar\u00e1 a Hamburgo, Alemania, donde recibir\u00e1 el Premio de la Sociedad Hayek y dar\u00e1 una disertaci\u00f3n<\/strong>. Luego se trasladar\u00e1 a Berl\u00edn, donde se reunir\u00e1 el domingo con el Canciller Olaf Scholz, en una visita que se ha definido como \u00abcorta de trabajo\u00bb, sin car\u00e1cter institucional.<\/p>\n\n\n\n<p>La gira de Milei continuar\u00e1 el lunes en Praga, Rep\u00fablica Checa, donde se reunir\u00e1 con empresarios, el primer ministro Petr Fiala y recibir\u00e1 el Premio del Instituto Liberal. Tambi\u00e9n se espera un saludo privado con el presidente Petr Pavel.<\/p>\n\n\n\n<p>La pol\u00e9mica con Espa\u00f1a sigue latente, con Milei insistiendo en sus cr\u00edticas hacia S\u00e1nchez incluso antes de iniciar la gira. En su \u00faltimo cruce, <strong>acus\u00f3 al gobierno espa\u00f1ol de perseguir al periodista Vito Quiles por reportar el uso de un veh\u00edculo oficial <\/strong>por parte de un ministro para asistir a un concierto de Taylor Swift.<\/p>\n","protected":false},"excerpt":{"rendered":"<p>El presidente Javier Milei inicia este viernes una gira por Europa marcada por la pol\u00e9mica con Espa\u00f1a. Si bien recibir\u00e1 la Medalla Internacional de la Comunidad de Madrid de manos de la presidenta Isabel D\u00edaz Ayuso, el gobierno espa\u00f1ol le ha negado un encuentro con el rey Felipe VI. Milei llegar\u00e1 a Madrid a las [&hellip;]<\/p>\n","protected":false},"author":2,"featured_media":16642,"comment_status":"closed","ping_status":"open","sticky":false,"template":"","format":"standard","meta":{"footnotes":""},"categories":[8],"tags":[118,511],"class_list":{"0":"post-16641","1":"post","2":"type-post","3":"status-publish","4":"format-standard","5":"has-post-thumbnail","7":"category-nacionales","8":"tag-argentina","9":"tag-bloque-2"},"_links":{"self":[{"href":"https:\/\/zoomproducciones.com.ar\/zoomp\/wp-json\/wp\/v2\/posts\/16641","targetHints":{"allow":["GET"]}}],"collection":[{"href":"https:\/\/zoomproducciones.com.ar\/zoomp\/wp-json\/wp\/v2\/posts"}],"about":[{"href":"https:\/\/zoomproducciones.com.ar\/zoomp\/wp-json\/wp\/v2\/types\/post"}],"author":[{"embeddable":true,"href":"https:\/\/zoomproducciones.com.ar\/zoomp\/wp-json\/wp\/v2\/users\/2"}],"replies":[{"embeddable":true,"href":"https:\/\/zoomproducciones.com.ar\/zoomp\/wp-json\/wp\/v2\/comments?post=16641"}],"version-history":[{"count":1,"href":"https:\/\/zoomproducciones.com.ar\/zoomp\/wp-json\/wp\/v2\/posts\/16641\/revisions"}],"predecessor-version":[{"id":16644,"href":"https:\/\/zoomproducciones.com.ar\/zoomp\/wp-json\/wp\/v2\/posts\/16641\/revisions\/16644"}],"wp:featuredmedia":[{"embeddable":true,"href":"https:\/\/zoomproducciones.com.ar\/zoomp\/wp-json\/wp\/v2\/media\/16642"}],"wp:attachment":[{"href":"https:\/\/zoomproducciones.com.ar\/zoomp\/wp-json\/wp\/v2\/media?parent=16641"}],"wp:term":[{"taxonomy":"category","embeddable":true,"href":"https:\/\/zoomproducciones.com.ar\/zoomp\/wp-json\/wp\/v2\/categories?post=16641"},{"taxonomy":"post_tag","embeddable":true,"href":"https:\/\/zoomproducciones.com.ar\/zoomp\/wp-json\/wp\/v2\/tags?post=16641"}],"curies":[{"name":"wp","href":"https:\/\/api.w.org\/{rel}","templated":true}]}}