{"id":16636,"date":"2024-06-21T08:18:38","date_gmt":"2024-06-21T11:18:38","guid":{"rendered":"http:\/\/zoomproducciones.com.ar\/zoomp\/?p=16636"},"modified":"2024-06-21T08:18:39","modified_gmt":"2024-06-21T11:18:39","slug":"villarruel-y-bregman-se-cruzaron-por-el-acto-de-milei-en-rosario","status":"publish","type":"post","link":"https:\/\/zoomproducciones.com.ar\/zoomp\/villarruel-y-bregman-se-cruzaron-por-el-acto-de-milei-en-rosario\/","title":{"rendered":"Villarruel y Bregman se cruzaron por el acto de Milei en Rosario"},"content":{"rendered":"\n<p>La vicepresidenta Victoria Villarruel y la diputada del Frente de Izquierda Myriam Bregman <strong>protagonizaron un nuevo cruce en las redes sociales<\/strong>, esta vez en el marco del acto por el D\u00eda de la Bandera que encabez\u00f3 el presidente Javier Milei en Rosario.<\/p>\n\n\n\n<p>Bregman, a trav\u00e9s de una foto a\u00e9rea del Monumento a la Bandera donde se apreciaban varios sectores vac\u00edos, ironiz\u00f3 sobre la escasa concurrencia al evento.<strong> \u00abMenos mal que llev\u00f3 muchos milicos para rellenar\u00bb, escribi\u00f3 la legisladora.<\/strong><\/p>\n\n\n\n<p>La titular del Senado, Villarruel, no tard\u00f3 en responder a la publicaci\u00f3n de Bregman: \u00abBregman vos no ten\u00e9s autoridad moral alguna para hablar de los Granaderos y el Presidente. <strong>Vos no cant\u00e1s el Himno pero si cobr\u00e1s el sueldo del Estado argentino, hablemos de vos<\/strong>\u00ab.<\/p>\n\n\n\n<figure class=\"wp-block-image size-full\"><a href=\"http:\/\/zoomproducciones.com.ar\/zoomp\/wp-content\/uploads\/2024\/06\/image-124.png\"><img loading=\"lazy\" decoding=\"async\" width=\"593\" height=\"541\" src=\"http:\/\/zoomproducciones.com.ar\/zoomp\/wp-content\/uploads\/2024\/06\/image-124.png\" alt=\"\" class=\"wp-image-16637\" srcset=\"https:\/\/zoomproducciones.com.ar\/zoomp\/wp-content\/uploads\/2024\/06\/image-124.png 593w, https:\/\/zoomproducciones.com.ar\/zoomp\/wp-content\/uploads\/2024\/06\/image-124-300x274.png 300w\" sizes=\"auto, (max-width: 593px) 100vw, 593px\" \/><\/a><\/figure>\n\n\n\n<p>La referente de la Libertad Avanza continu\u00f3 su ataque a la exdiputada:<strong> \u201cHablar de \u2018autoridad moral\u2019 y apoyar golpes de estado, asunto separado\u201d.<\/strong><\/p>\n\n\n\n<p>Las dos pol\u00edticas se conocen desde la \u00e9poca en que ambas eran diputadas, compartiendo sesiones y bancas cercanas en el recinto.<\/p>\n","protected":false},"excerpt":{"rendered":"<p>La vicepresidenta Victoria Villarruel y la diputada del Frente de Izquierda Myriam Bregman protagonizaron un nuevo cruce en las redes sociales, esta vez en el marco del acto por el D\u00eda de la Bandera que encabez\u00f3 el presidente Javier Milei en Rosario. Bregman, a trav\u00e9s de una foto a\u00e9rea del Monumento a la Bandera donde [&hellip;]<\/p>\n","protected":false},"author":2,"featured_media":16638,"comment_status":"closed","ping_status":"open","sticky":false,"template":"","format":"standard","meta":{"footnotes":""},"categories":[8],"tags":[118,511],"class_list":{"0":"post-16636","1":"post","2":"type-post","3":"status-publish","4":"format-standard","5":"has-post-thumbnail","7":"category-nacionales","8":"tag-argentina","9":"tag-bloque-2"},"_links":{"self":[{"href":"https:\/\/zoomproducciones.com.ar\/zoomp\/wp-json\/wp\/v2\/posts\/16636","targetHints":{"allow":["GET"]}}],"collection":[{"href":"https:\/\/zoomproducciones.com.ar\/zoomp\/wp-json\/wp\/v2\/posts"}],"about":[{"href":"https:\/\/zoomproducciones.com.ar\/zoomp\/wp-json\/wp\/v2\/types\/post"}],"author":[{"embeddable":true,"href":"https:\/\/zoomproducciones.com.ar\/zoomp\/wp-json\/wp\/v2\/users\/2"}],"replies":[{"embeddable":true,"href":"https:\/\/zoomproducciones.com.ar\/zoomp\/wp-json\/wp\/v2\/comments?post=16636"}],"version-history":[{"count":1,"href":"https:\/\/zoomproducciones.com.ar\/zoomp\/wp-json\/wp\/v2\/posts\/16636\/revisions"}],"predecessor-version":[{"id":16643,"href":"https:\/\/zoomproducciones.com.ar\/zoomp\/wp-json\/wp\/v2\/posts\/16636\/revisions\/16643"}],"wp:featuredmedia":[{"embeddable":true,"href":"https:\/\/zoomproducciones.com.ar\/zoomp\/wp-json\/wp\/v2\/media\/16638"}],"wp:attachment":[{"href":"https:\/\/zoomproducciones.com.ar\/zoomp\/wp-json\/wp\/v2\/media?parent=16636"}],"wp:term":[{"taxonomy":"category","embeddable":true,"href":"https:\/\/zoomproducciones.com.ar\/zoomp\/wp-json\/wp\/v2\/categories?post=16636"},{"taxonomy":"post_tag","embeddable":true,"href":"https:\/\/zoomproducciones.com.ar\/zoomp\/wp-json\/wp\/v2\/tags?post=16636"}],"curies":[{"name":"wp","href":"https:\/\/api.w.org\/{rel}","templated":true}]}}