{"id":1663,"date":"2022-11-11T10:25:43","date_gmt":"2022-11-11T13:25:43","guid":{"rendered":"http:\/\/zoomproducciones.com.ar\/zoomp\/?p=1663"},"modified":"2022-11-11T10:25:44","modified_gmt":"2022-11-11T13:25:44","slug":"este-viernes-presentacion-de-la-corte-del-carnaval-2023","status":"publish","type":"post","link":"https:\/\/zoomproducciones.com.ar\/zoomp\/este-viernes-presentacion-de-la-corte-del-carnaval-2023\/","title":{"rendered":"Este viernes presentaci\u00f3n de la Corte del Carnaval 2023"},"content":{"rendered":"\n<p>Este viernes se realizar\u00e1 la elecci\u00f3n de la Corte del Caraval 2023. La misma se llevar\u00e1 a cabo en calle Col\u00f3n, entre Mitre y Sitja Nin, a partir de las 20:00 horas. En el concurso cinco jueces elegir\u00e1n dos musas y al embajador. La tercera musa ser\u00e1 elegida por voto popular a trav\u00e9s del facebook de la Direcci\u00f3n de Carnaval. Si bien la entrada del evento ser\u00e1 libre y gratuita, aquellos interesados que deseen adquirir mesas y sillas lo podr\u00e1n hacer directamente con los comercios ubicados en esa cuadra.<\/p>\n\n\n\n<p>Esta noche se realizar\u00e1 la elecci\u00f3n de la Corte de Carnaval. A partir de las 20 horas, en calle Col\u00f3n entre Mitre y Sitja Nin, se podr\u00e1 participar de este evento en rumbo a la fiesta m\u00e1s importante de la ciudad.<\/p>\n\n\n\n<p>Si bien la entrada del evento ser\u00e1 libre y gratuita, aquellos interesados que deseen adquirir mesas y sillas lo podr\u00e1n hacer directamente con los comercios ubicados en esa cuadra.<\/p>\n\n\n\n<h2 class=\"wp-block-heading\">\u00bfC\u00f3mo se elegir\u00e1 a la Corte?<\/h2>\n\n\n\n<p>En el concurso se elegir\u00e1n 3 musas y el embajador del carnaval. El jurado, en tanto, estar\u00e1 integrado por cinco personas designadas cuyas identidades no ser\u00e1n dadas a conocer hasta el d\u00eda del evento de elecci\u00f3n. Cada jurado emitir\u00e1 su juicio <a><\/a>mediante puntuaci\u00f3n en los siguientes \u00edtems: Simpat\u00eda, Elegancia, Danza y Desenvolvimiento.<\/p>\n\n\n\n<p>Una de las tres musas ser\u00e1 elegida por voto popular a trav\u00e9s de facebook de la Direcci\u00f3n de Carnaval. Aquella postulante que obtenga m\u00e1s reacciones (me gusta, me encanta, me importa, me divierte, me sorprende, me entristece y me enfada) ser\u00e1 consagrada Musa de la Corte de Carnaval 2023 por elecci\u00f3n de la gente, d\u00e1ndose a conocer el nombre de la ganadora durante el evento central.<\/p>\n","protected":false},"excerpt":{"rendered":"<p>Este viernes se realizar\u00e1 la elecci\u00f3n de la Corte del Caraval 2023. La misma se llevar\u00e1 a cabo en calle Col\u00f3n, entre Mitre y Sitja Nin, a partir de las 20:00 horas. En el concurso cinco jueces elegir\u00e1n dos musas y al embajador. La tercera musa ser\u00e1 elegida por voto popular a trav\u00e9s del facebook [&hellip;]<\/p>\n","protected":false},"author":2,"featured_media":0,"comment_status":"closed","ping_status":"open","sticky":false,"template":"","format":"standard","meta":{"footnotes":""},"categories":[195],"tags":[140,42,116],"class_list":{"0":"post-1663","1":"post","2":"type-post","3":"status-publish","4":"format-standard","6":"category-carnaval","7":"tag-carnaval-2023","8":"tag-featured","9":"tag-paso-de-los-libres"},"_links":{"self":[{"href":"https:\/\/zoomproducciones.com.ar\/zoomp\/wp-json\/wp\/v2\/posts\/1663","targetHints":{"allow":["GET"]}}],"collection":[{"href":"https:\/\/zoomproducciones.com.ar\/zoomp\/wp-json\/wp\/v2\/posts"}],"about":[{"href":"https:\/\/zoomproducciones.com.ar\/zoomp\/wp-json\/wp\/v2\/types\/post"}],"author":[{"embeddable":true,"href":"https:\/\/zoomproducciones.com.ar\/zoomp\/wp-json\/wp\/v2\/users\/2"}],"replies":[{"embeddable":true,"href":"https:\/\/zoomproducciones.com.ar\/zoomp\/wp-json\/wp\/v2\/comments?post=1663"}],"version-history":[{"count":1,"href":"https:\/\/zoomproducciones.com.ar\/zoomp\/wp-json\/wp\/v2\/posts\/1663\/revisions"}],"predecessor-version":[{"id":1665,"href":"https:\/\/zoomproducciones.com.ar\/zoomp\/wp-json\/wp\/v2\/posts\/1663\/revisions\/1665"}],"wp:attachment":[{"href":"https:\/\/zoomproducciones.com.ar\/zoomp\/wp-json\/wp\/v2\/media?parent=1663"}],"wp:term":[{"taxonomy":"category","embeddable":true,"href":"https:\/\/zoomproducciones.com.ar\/zoomp\/wp-json\/wp\/v2\/categories?post=1663"},{"taxonomy":"post_tag","embeddable":true,"href":"https:\/\/zoomproducciones.com.ar\/zoomp\/wp-json\/wp\/v2\/tags?post=1663"}],"curies":[{"name":"wp","href":"https:\/\/api.w.org\/{rel}","templated":true}]}}