{"id":16626,"date":"2024-06-21T07:57:34","date_gmt":"2024-06-21T10:57:34","guid":{"rendered":"http:\/\/zoomproducciones.com.ar\/zoomp\/?p=16626"},"modified":"2024-06-21T07:57:35","modified_gmt":"2024-06-21T10:57:35","slug":"mas-madrid-denuncia-que-la-condecoracion-de-ayuso-a-milei-no-cumple-los-requisitos-legales","status":"publish","type":"post","link":"https:\/\/zoomproducciones.com.ar\/zoomp\/mas-madrid-denuncia-que-la-condecoracion-de-ayuso-a-milei-no-cumple-los-requisitos-legales\/","title":{"rendered":"M\u00e1s Madrid denuncia que la condecoraci\u00f3n de Ayuso a Milei no cumple los requisitos legales"},"content":{"rendered":"\n<p>La agrupaci\u00f3n pol\u00edtica espa\u00f1ola <strong>M\u00e1s Madrid ha denunciado que la entrega de la Medalla Internacional de la Comunidad<\/strong> madrile\u00f1a al presidente argentino <strong>Javier Milei, <\/strong>por parte de la presidenta regional de Madrid, Isabel D\u00edaz Ayuso,<strong> no cumple con los requisitos legales.<\/strong><\/p>\n\n\n\n<p>La diputada de la Asamblea de Madrid, Manuela Bergerot, h<strong>a acusado a Ayuso de condecorar a Milei en un \u00abviaje privado\u00bb, <\/strong>sin que se haya considerado una \u00abvisita oficial\u00bb, seg\u00fan la Ley 2\/2024 que regula la concesi\u00f3n de la medalla.<\/p>\n\n\n\n<p><strong>M\u00e1s Madrid ha enviado una carta a la Real Casa de Correos, sede del Gobierno madrile\u00f1o,<\/strong> expresando su preocupaci\u00f3n por la \u00abdeslealtad absoluta y falta de respeto\u00bb que, seg\u00fan ellos, Milei ha demostrado hacia la democracia espa\u00f1ola.<\/p>\n\n\n\n<p>Bergerot ha advertido que <strong>la agrupaci\u00f3n est\u00e1 dispuesta a recurrir a la justicia <\/strong>para impedir la condecoraci\u00f3n de Milei por parte de Ayuso: \u00abNo vamos a dudar en hacer todo lo necesario para que Milei no sea reconocido por el pueblo madrile\u00f1o\u00bb.<\/p>\n","protected":false},"excerpt":{"rendered":"<p>La agrupaci\u00f3n pol\u00edtica espa\u00f1ola M\u00e1s Madrid ha denunciado que la entrega de la Medalla Internacional de la Comunidad madrile\u00f1a al presidente argentino Javier Milei, por parte de la presidenta regional de Madrid, Isabel D\u00edaz Ayuso, no cumple con los requisitos legales. La diputada de la Asamblea de Madrid, Manuela Bergerot, ha acusado a Ayuso de [&hellip;]<\/p>\n","protected":false},"author":2,"featured_media":16627,"comment_status":"closed","ping_status":"open","sticky":false,"template":"","format":"standard","meta":{"footnotes":""},"categories":[8],"tags":[118,42],"class_list":{"0":"post-16626","1":"post","2":"type-post","3":"status-publish","4":"format-standard","5":"has-post-thumbnail","7":"category-nacionales","8":"tag-argentina","9":"tag-featured"},"_links":{"self":[{"href":"https:\/\/zoomproducciones.com.ar\/zoomp\/wp-json\/wp\/v2\/posts\/16626","targetHints":{"allow":["GET"]}}],"collection":[{"href":"https:\/\/zoomproducciones.com.ar\/zoomp\/wp-json\/wp\/v2\/posts"}],"about":[{"href":"https:\/\/zoomproducciones.com.ar\/zoomp\/wp-json\/wp\/v2\/types\/post"}],"author":[{"embeddable":true,"href":"https:\/\/zoomproducciones.com.ar\/zoomp\/wp-json\/wp\/v2\/users\/2"}],"replies":[{"embeddable":true,"href":"https:\/\/zoomproducciones.com.ar\/zoomp\/wp-json\/wp\/v2\/comments?post=16626"}],"version-history":[{"count":1,"href":"https:\/\/zoomproducciones.com.ar\/zoomp\/wp-json\/wp\/v2\/posts\/16626\/revisions"}],"predecessor-version":[{"id":16631,"href":"https:\/\/zoomproducciones.com.ar\/zoomp\/wp-json\/wp\/v2\/posts\/16626\/revisions\/16631"}],"wp:featuredmedia":[{"embeddable":true,"href":"https:\/\/zoomproducciones.com.ar\/zoomp\/wp-json\/wp\/v2\/media\/16627"}],"wp:attachment":[{"href":"https:\/\/zoomproducciones.com.ar\/zoomp\/wp-json\/wp\/v2\/media?parent=16626"}],"wp:term":[{"taxonomy":"category","embeddable":true,"href":"https:\/\/zoomproducciones.com.ar\/zoomp\/wp-json\/wp\/v2\/categories?post=16626"},{"taxonomy":"post_tag","embeddable":true,"href":"https:\/\/zoomproducciones.com.ar\/zoomp\/wp-json\/wp\/v2\/tags?post=16626"}],"curies":[{"name":"wp","href":"https:\/\/api.w.org\/{rel}","templated":true}]}}