{"id":16624,"date":"2024-06-21T07:57:38","date_gmt":"2024-06-21T10:57:38","guid":{"rendered":"http:\/\/zoomproducciones.com.ar\/zoomp\/?p=16624"},"modified":"2024-07-01T07:12:23","modified_gmt":"2024-07-01T10:12:23","slug":"ocho-dias-sin-loan-este-viernes-declara-una-de-las-detenidas","status":"publish","type":"post","link":"https:\/\/zoomproducciones.com.ar\/zoomp\/ocho-dias-sin-loan-este-viernes-declara-una-de-las-detenidas\/","title":{"rendered":"Ocho d\u00edas sin Loan: este viernes declara una de las detenidas"},"content":{"rendered":"\n<p>La investigaci\u00f3n por la desaparici\u00f3n de Loan Pe\u00f1a avanza con la detenci\u00f3n de tres personas: Bernardino Antonio Ben\u00edtez (t\u00edo del ni\u00f1o), Daniel Ram\u00edrez y M\u00f3nica del Carmen Millapi (pareja de amigos del t\u00edo). Los tres fueron imputados por la justicia y se encuentran bajo prisi\u00f3n preventiva por tiempo indeterminado, mientras la b\u00fasqueda del menor contin\u00faa.<\/p>\n\n\n\n<p>Este viernes, a las 10:00 am, M\u00f3nica del Carmen Millapi prestar\u00e1 declaraci\u00f3n en la Sala de Audiencias de la UFIC Goya. Se espera que su testimonio aporte informaci\u00f3n crucial para esclarecer las circunstancias que rodearon la desaparici\u00f3n de Loan.<\/p>\n\n\n\n<p>Las tareas de b\u00fasqueda abarcaron m\u00e1s de 12.000 hect\u00e1reas, con rastrillajes y revisi\u00f3n de espejos de agua, lagunas y pozos abandonados. La desesperaci\u00f3n y la bronca se manifiestan en la comunidad de 9 de Julio, con marchas masivas bajo el lema \u00abTodos por Loan\u00bb. El intendente de la localidad reconoce la angustia y la incertidumbre que reina en el pueblo.<\/p>\n\n\n\n<figure class=\"wp-block-image size-full\"><a href=\"http:\/\/zoomproducciones.com.ar\/zoomp\/wp-content\/uploads\/2024\/06\/image-119.png\"><img loading=\"lazy\" decoding=\"async\" width=\"790\" height=\"790\" src=\"http:\/\/zoomproducciones.com.ar\/zoomp\/wp-content\/uploads\/2024\/06\/image-119.png\" alt=\"\" class=\"wp-image-16625\" srcset=\"https:\/\/zoomproducciones.com.ar\/zoomp\/wp-content\/uploads\/2024\/06\/image-119.png 790w, https:\/\/zoomproducciones.com.ar\/zoomp\/wp-content\/uploads\/2024\/06\/image-119-300x300.png 300w, https:\/\/zoomproducciones.com.ar\/zoomp\/wp-content\/uploads\/2024\/06\/image-119-150x150.png 150w, https:\/\/zoomproducciones.com.ar\/zoomp\/wp-content\/uploads\/2024\/06\/image-119-768x768.png 768w, https:\/\/zoomproducciones.com.ar\/zoomp\/wp-content\/uploads\/2024\/06\/image-119-80x80.png 80w\" sizes=\"auto, (max-width: 790px) 100vw, 790px\" \/><\/a><\/figure>\n\n\n\n<h2 class=\"wp-block-heading\"><strong>El <\/strong>caso:<\/h2>\n\n\n\n<p>Loan Danilo Pe\u00f1a, de 5 a\u00f1os, fue visto por \u00faltima vez el jueves 13 de junio en el paraje Algarrobal, mientras jugaba con primos en la b\u00fasqueda de naranjas. Seg\u00fan la versi\u00f3n que se maneja, el ni\u00f1o no regres\u00f3 junto a sus primos, generando una intensa b\u00fasqueda que se mantiene hasta el momento.<\/p>\n\n\n\n<p>La angustia de la familia y la comunidad es palpable, mientras la justicia avanza con la investigaci\u00f3n y la esperanza de encontrar a Loan con vida se mantiene latente.<\/p>\n\n\n\n<figure class=\"wp-block-image size-large\"><a href=\"http:\/\/zoomproducciones.com.ar\/zoomp\/wp-content\/uploads\/2024\/06\/image-82.png\"><img loading=\"lazy\" decoding=\"async\" width=\"1024\" height=\"1024\" src=\"http:\/\/zoomproducciones.com.ar\/zoomp\/wp-content\/uploads\/2024\/06\/image-82-1024x1024.png\" alt=\"\" class=\"wp-image-16481\" srcset=\"https:\/\/zoomproducciones.com.ar\/zoomp\/wp-content\/uploads\/2024\/06\/image-82-1024x1024.png 1024w, https:\/\/zoomproducciones.com.ar\/zoomp\/wp-content\/uploads\/2024\/06\/image-82-300x300.png 300w, https:\/\/zoomproducciones.com.ar\/zoomp\/wp-content\/uploads\/2024\/06\/image-82-150x150.png 150w, https:\/\/zoomproducciones.com.ar\/zoomp\/wp-content\/uploads\/2024\/06\/image-82-768x768.png 768w, https:\/\/zoomproducciones.com.ar\/zoomp\/wp-content\/uploads\/2024\/06\/image-82-1536x1536.png 1536w, https:\/\/zoomproducciones.com.ar\/zoomp\/wp-content\/uploads\/2024\/06\/image-82-80x80.png 80w, https:\/\/zoomproducciones.com.ar\/zoomp\/wp-content\/uploads\/2024\/06\/image-82.png 1600w\" sizes=\"auto, (max-width: 1024px) 100vw, 1024px\" \/><\/a><\/figure>\n","protected":false},"excerpt":{"rendered":"<p>La investigaci\u00f3n por la desaparici\u00f3n de Loan Pe\u00f1a avanza con la detenci\u00f3n de tres personas: Bernardino Antonio Ben\u00edtez (t\u00edo del ni\u00f1o), Daniel Ram\u00edrez y M\u00f3nica del Carmen Millapi (pareja de amigos del t\u00edo). Los tres fueron imputados por la justicia y se encuentran bajo prisi\u00f3n preventiva por tiempo indeterminado, mientras la b\u00fasqueda del menor contin\u00faa. [&hellip;]<\/p>\n","protected":false},"author":2,"featured_media":16536,"comment_status":"closed","ping_status":"open","sticky":false,"template":"","format":"standard","meta":{"footnotes":""},"categories":[533,3],"tags":[125,42],"class_list":{"0":"post-16624","1":"post","2":"type-post","3":"status-publish","4":"format-standard","5":"has-post-thumbnail","7":"category-caso-loan","8":"category-provinciales","9":"tag-corrientes","10":"tag-featured"},"_links":{"self":[{"href":"https:\/\/zoomproducciones.com.ar\/zoomp\/wp-json\/wp\/v2\/posts\/16624","targetHints":{"allow":["GET"]}}],"collection":[{"href":"https:\/\/zoomproducciones.com.ar\/zoomp\/wp-json\/wp\/v2\/posts"}],"about":[{"href":"https:\/\/zoomproducciones.com.ar\/zoomp\/wp-json\/wp\/v2\/types\/post"}],"author":[{"embeddable":true,"href":"https:\/\/zoomproducciones.com.ar\/zoomp\/wp-json\/wp\/v2\/users\/2"}],"replies":[{"embeddable":true,"href":"https:\/\/zoomproducciones.com.ar\/zoomp\/wp-json\/wp\/v2\/comments?post=16624"}],"version-history":[{"count":1,"href":"https:\/\/zoomproducciones.com.ar\/zoomp\/wp-json\/wp\/v2\/posts\/16624\/revisions"}],"predecessor-version":[{"id":16633,"href":"https:\/\/zoomproducciones.com.ar\/zoomp\/wp-json\/wp\/v2\/posts\/16624\/revisions\/16633"}],"wp:featuredmedia":[{"embeddable":true,"href":"https:\/\/zoomproducciones.com.ar\/zoomp\/wp-json\/wp\/v2\/media\/16536"}],"wp:attachment":[{"href":"https:\/\/zoomproducciones.com.ar\/zoomp\/wp-json\/wp\/v2\/media?parent=16624"}],"wp:term":[{"taxonomy":"category","embeddable":true,"href":"https:\/\/zoomproducciones.com.ar\/zoomp\/wp-json\/wp\/v2\/categories?post=16624"},{"taxonomy":"post_tag","embeddable":true,"href":"https:\/\/zoomproducciones.com.ar\/zoomp\/wp-json\/wp\/v2\/tags?post=16624"}],"curies":[{"name":"wp","href":"https:\/\/api.w.org\/{rel}","templated":true}]}}