{"id":16617,"date":"2024-06-20T08:37:56","date_gmt":"2024-06-20T11:37:56","guid":{"rendered":"http:\/\/zoomproducciones.com.ar\/zoomp\/?p=16617"},"modified":"2024-06-20T09:11:14","modified_gmt":"2024-06-20T12:11:14","slug":"confirman-condena-a-8-anos-de-prision-para-federico-diaz-burgos-por-violencia-de-genero","status":"publish","type":"post","link":"https:\/\/zoomproducciones.com.ar\/zoomp\/confirman-condena-a-8-anos-de-prision-para-federico-diaz-burgos-por-violencia-de-genero\/","title":{"rendered":"Confirman condena a 8 a\u00f1os de prisi\u00f3n para Federico D\u00edaz Burgos por violencia de g\u00e9nero"},"content":{"rendered":"\n<p>El Superior Tribunal de Justicia de Corrientes ratific\u00f3 la condena a ocho a\u00f1os de prisi\u00f3n para Federico D\u00edaz Burgos por los delitos de \u201cPrivaci\u00f3n ileg\u00edtima de la libertad simple, en concurso ideal con lesiones leves y en concurso real, con abuso sexual con acceso carnal\u201d contra su expareja, Berenice Brondani.<\/p>\n\n\n\n<p>El m\u00e1ximo tribunal provincial rechaz\u00f3 el recurso de casaci\u00f3n presentado por la defensa de D\u00edaz Burgos, confirmando as\u00ed la sentencia dictada en febrero pasado por el Tribunal de Juicio de Paso de los Libres.<\/p>\n\n\n\n<p>El caso, que conmocion\u00f3 a la opini\u00f3n p\u00fablica, tuvo su origen en la denuncia de Brondani, quien acus\u00f3 a su expareja de haberla mantenido privada de su libertad, de agredirla f\u00edsicamente y de abusar sexualmente de ella.<\/p>\n\n\n\n<p>Fuente: Ignacio Villanueva, de Confirmado<\/p>\n","protected":false},"excerpt":{"rendered":"<p>El Superior Tribunal de Justicia de Corrientes ratific\u00f3 la condena a ocho a\u00f1os de prisi\u00f3n para Federico D\u00edaz Burgos por los delitos de \u201cPrivaci\u00f3n ileg\u00edtima de la libertad simple, en concurso ideal con lesiones leves y en concurso real, con abuso sexual con acceso carnal\u201d contra su expareja, Berenice Brondani. El m\u00e1ximo tribunal provincial rechaz\u00f3 [&hellip;]<\/p>\n","protected":false},"author":2,"featured_media":16618,"comment_status":"closed","ping_status":"open","sticky":false,"template":"","format":"standard","meta":{"footnotes":""},"categories":[5],"tags":[42,116],"class_list":{"0":"post-16617","1":"post","2":"type-post","3":"status-publish","4":"format-standard","5":"has-post-thumbnail","7":"category-locales","8":"tag-featured","9":"tag-paso-de-los-libres"},"_links":{"self":[{"href":"https:\/\/zoomproducciones.com.ar\/zoomp\/wp-json\/wp\/v2\/posts\/16617","targetHints":{"allow":["GET"]}}],"collection":[{"href":"https:\/\/zoomproducciones.com.ar\/zoomp\/wp-json\/wp\/v2\/posts"}],"about":[{"href":"https:\/\/zoomproducciones.com.ar\/zoomp\/wp-json\/wp\/v2\/types\/post"}],"author":[{"embeddable":true,"href":"https:\/\/zoomproducciones.com.ar\/zoomp\/wp-json\/wp\/v2\/users\/2"}],"replies":[{"embeddable":true,"href":"https:\/\/zoomproducciones.com.ar\/zoomp\/wp-json\/wp\/v2\/comments?post=16617"}],"version-history":[{"count":2,"href":"https:\/\/zoomproducciones.com.ar\/zoomp\/wp-json\/wp\/v2\/posts\/16617\/revisions"}],"predecessor-version":[{"id":16623,"href":"https:\/\/zoomproducciones.com.ar\/zoomp\/wp-json\/wp\/v2\/posts\/16617\/revisions\/16623"}],"wp:featuredmedia":[{"embeddable":true,"href":"https:\/\/zoomproducciones.com.ar\/zoomp\/wp-json\/wp\/v2\/media\/16618"}],"wp:attachment":[{"href":"https:\/\/zoomproducciones.com.ar\/zoomp\/wp-json\/wp\/v2\/media?parent=16617"}],"wp:term":[{"taxonomy":"category","embeddable":true,"href":"https:\/\/zoomproducciones.com.ar\/zoomp\/wp-json\/wp\/v2\/categories?post=16617"},{"taxonomy":"post_tag","embeddable":true,"href":"https:\/\/zoomproducciones.com.ar\/zoomp\/wp-json\/wp\/v2\/tags?post=16617"}],"curies":[{"name":"wp","href":"https:\/\/api.w.org\/{rel}","templated":true}]}}