{"id":16615,"date":"2024-06-20T08:37:54","date_gmt":"2024-06-20T11:37:54","guid":{"rendered":"http:\/\/zoomproducciones.com.ar\/zoomp\/?p=16615"},"modified":"2024-06-20T08:38:11","modified_gmt":"2024-06-20T11:38:11","slug":"este-jueves-no-habra-recoleccion-de-residuos","status":"publish","type":"post","link":"https:\/\/zoomproducciones.com.ar\/zoomp\/este-jueves-no-habra-recoleccion-de-residuos\/","title":{"rendered":"Este jueves no habr\u00e1 recolecci\u00f3n de residuos"},"content":{"rendered":"\n<p><strong>Este jueves 20 de junio<\/strong>, con motivo de la conmemoraci\u00f3n del D\u00eda de la Bandera, <strong>no habr\u00e1 servicio de recolecci\u00f3n de residuo<\/strong>s en nuestra ciudad. Las autoridades municipales han comunicado que este d\u00eda, al ser un feriado nacional, ser\u00e1 una jornada de descanso para los trabajadores de recolecci\u00f3n.<\/p>\n\n\n\n<p>Sin embargo, <strong>el servicio de recolecci\u00f3n de residuos se reanudar\u00e1 de manera normal el viernes 21 de junio<\/strong>, a pesar del fin de semana largo. <\/p>\n\n\n\n<p>Se solicita a los vecinos colaborar no sacando los residuos a la v\u00eda p\u00fablica el jueves 20 de junio, y esperar al viernes para disponer de los mismos.<strong> Esta medida busca evitar la acumulaci\u00f3n de basura en las calles<\/strong> y posibles inconvenientes sanitarios.<\/p>\n","protected":false},"excerpt":{"rendered":"<p>Este jueves 20 de junio, con motivo de la conmemoraci\u00f3n del D\u00eda de la Bandera, no habr\u00e1 servicio de recolecci\u00f3n de residuos en nuestra ciudad. Las autoridades municipales han comunicado que este d\u00eda, al ser un feriado nacional, ser\u00e1 una jornada de descanso para los trabajadores de recolecci\u00f3n. Sin embargo, el servicio de recolecci\u00f3n de [&hellip;]<\/p>\n","protected":false},"author":2,"featured_media":16616,"comment_status":"closed","ping_status":"open","sticky":false,"template":"","format":"standard","meta":{"footnotes":""},"categories":[5],"tags":[511,116],"class_list":{"0":"post-16615","1":"post","2":"type-post","3":"status-publish","4":"format-standard","5":"has-post-thumbnail","7":"category-locales","8":"tag-bloque-2","9":"tag-paso-de-los-libres"},"_links":{"self":[{"href":"https:\/\/zoomproducciones.com.ar\/zoomp\/wp-json\/wp\/v2\/posts\/16615","targetHints":{"allow":["GET"]}}],"collection":[{"href":"https:\/\/zoomproducciones.com.ar\/zoomp\/wp-json\/wp\/v2\/posts"}],"about":[{"href":"https:\/\/zoomproducciones.com.ar\/zoomp\/wp-json\/wp\/v2\/types\/post"}],"author":[{"embeddable":true,"href":"https:\/\/zoomproducciones.com.ar\/zoomp\/wp-json\/wp\/v2\/users\/2"}],"replies":[{"embeddable":true,"href":"https:\/\/zoomproducciones.com.ar\/zoomp\/wp-json\/wp\/v2\/comments?post=16615"}],"version-history":[{"count":1,"href":"https:\/\/zoomproducciones.com.ar\/zoomp\/wp-json\/wp\/v2\/posts\/16615\/revisions"}],"predecessor-version":[{"id":16621,"href":"https:\/\/zoomproducciones.com.ar\/zoomp\/wp-json\/wp\/v2\/posts\/16615\/revisions\/16621"}],"wp:featuredmedia":[{"embeddable":true,"href":"https:\/\/zoomproducciones.com.ar\/zoomp\/wp-json\/wp\/v2\/media\/16616"}],"wp:attachment":[{"href":"https:\/\/zoomproducciones.com.ar\/zoomp\/wp-json\/wp\/v2\/media?parent=16615"}],"wp:term":[{"taxonomy":"category","embeddable":true,"href":"https:\/\/zoomproducciones.com.ar\/zoomp\/wp-json\/wp\/v2\/categories?post=16615"},{"taxonomy":"post_tag","embeddable":true,"href":"https:\/\/zoomproducciones.com.ar\/zoomp\/wp-json\/wp\/v2\/tags?post=16615"}],"curies":[{"name":"wp","href":"https:\/\/api.w.org\/{rel}","templated":true}]}}