{"id":16613,"date":"2024-06-21T06:37:49","date_gmt":"2024-06-21T09:37:49","guid":{"rendered":"http:\/\/zoomproducciones.com.ar\/zoomp\/?p=16613"},"modified":"2024-06-21T08:34:50","modified_gmt":"2024-06-21T11:34:50","slug":"la-justicia-federal-ratifica-el-cronograma-electoral-interno-de-la-ucr-en-corrientes","status":"publish","type":"post","link":"https:\/\/zoomproducciones.com.ar\/zoomp\/la-justicia-federal-ratifica-el-cronograma-electoral-interno-de-la-ucr-en-corrientes\/","title":{"rendered":"La Justicia Federal ratifica el cronograma electoral interno de la UCR en Corrientes"},"content":{"rendered":"\n<p>En un fallo que dirime el conflicto interno que atraviesa la Uni\u00f3n C\u00edvica Radical (UCR) en Corrientes, el juez federal Juan Carlos Vallejos <strong>rechaz\u00f3 el pedido de nulidad presentado por el exgobernador Ricardo Colombi<\/strong> contra las decisiones tomadas por la Convenci\u00f3n Provincial del partido.<\/p>\n\n\n\n<p>La resoluci\u00f3n judicial implica dos puntos claves:<\/p>\n\n\n\n<p><strong>Se confirma la validez de la Convenci\u00f3n Provincial del 29 de abril<\/strong>, donde se defini\u00f3 el cronograma electoral interno.<br><strong>Se valida la pr\u00f3rroga de mandato de las autoridades de la Convenci\u00f3n<\/strong>, asegurando la continuidad del proceso.<\/p>\n\n\n\n<p>De esta manera, <strong>las elecciones internas de la UCR correntina quedan confirmadas para el pr\u00f3ximo 27 de octubre<\/strong>, desestimando los planteos de Colombi y sus allegados, quienes buscaban impugnar el proceso.<\/p>\n","protected":false},"excerpt":{"rendered":"<p>En un fallo que dirime el conflicto interno que atraviesa la Uni\u00f3n C\u00edvica Radical (UCR) en Corrientes, el juez federal Juan Carlos Vallejos rechaz\u00f3 el pedido de nulidad presentado por el exgobernador Ricardo Colombi contra las decisiones tomadas por la Convenci\u00f3n Provincial del partido. La resoluci\u00f3n judicial implica dos puntos claves: Se confirma la validez [&hellip;]<\/p>\n","protected":false},"author":2,"featured_media":16614,"comment_status":"closed","ping_status":"open","sticky":false,"template":"","format":"standard","meta":{"footnotes":""},"categories":[3],"tags":[511,125],"class_list":{"0":"post-16613","1":"post","2":"type-post","3":"status-publish","4":"format-standard","5":"has-post-thumbnail","7":"category-provinciales","8":"tag-bloque-2","9":"tag-corrientes"},"_links":{"self":[{"href":"https:\/\/zoomproducciones.com.ar\/zoomp\/wp-json\/wp\/v2\/posts\/16613","targetHints":{"allow":["GET"]}}],"collection":[{"href":"https:\/\/zoomproducciones.com.ar\/zoomp\/wp-json\/wp\/v2\/posts"}],"about":[{"href":"https:\/\/zoomproducciones.com.ar\/zoomp\/wp-json\/wp\/v2\/types\/post"}],"author":[{"embeddable":true,"href":"https:\/\/zoomproducciones.com.ar\/zoomp\/wp-json\/wp\/v2\/users\/2"}],"replies":[{"embeddable":true,"href":"https:\/\/zoomproducciones.com.ar\/zoomp\/wp-json\/wp\/v2\/comments?post=16613"}],"version-history":[{"count":1,"href":"https:\/\/zoomproducciones.com.ar\/zoomp\/wp-json\/wp\/v2\/posts\/16613\/revisions"}],"predecessor-version":[{"id":16619,"href":"https:\/\/zoomproducciones.com.ar\/zoomp\/wp-json\/wp\/v2\/posts\/16613\/revisions\/16619"}],"wp:featuredmedia":[{"embeddable":true,"href":"https:\/\/zoomproducciones.com.ar\/zoomp\/wp-json\/wp\/v2\/media\/16614"}],"wp:attachment":[{"href":"https:\/\/zoomproducciones.com.ar\/zoomp\/wp-json\/wp\/v2\/media?parent=16613"}],"wp:term":[{"taxonomy":"category","embeddable":true,"href":"https:\/\/zoomproducciones.com.ar\/zoomp\/wp-json\/wp\/v2\/categories?post=16613"},{"taxonomy":"post_tag","embeddable":true,"href":"https:\/\/zoomproducciones.com.ar\/zoomp\/wp-json\/wp\/v2\/tags?post=16613"}],"curies":[{"name":"wp","href":"https:\/\/api.w.org\/{rel}","templated":true}]}}