{"id":16611,"date":"2024-06-20T08:37:51","date_gmt":"2024-06-20T11:37:51","guid":{"rendered":"http:\/\/zoomproducciones.com.ar\/zoomp\/?p=16611"},"modified":"2024-07-01T07:12:31","modified_gmt":"2024-07-01T10:12:31","slug":"division-familiar-y-confusion-en-la-busqueda-de-loan-los-padres-tienen-abogados-diferentes","status":"publish","type":"post","link":"https:\/\/zoomproducciones.com.ar\/zoomp\/division-familiar-y-confusion-en-la-busqueda-de-loan-los-padres-tienen-abogados-diferentes\/","title":{"rendered":"Divisi\u00f3n familiar y confusi\u00f3n en la b\u00fasqueda de Loan: los padres tienen abogados diferentes"},"content":{"rendered":"\n<p>Seis d\u00edas despu\u00e9s de la desaparici\u00f3n de Loan Danilo Pe\u00f1a, el ni\u00f1o de cinco a\u00f1os visto por \u00faltima vez en un paraje rural de Corrientes, la incertidumbre y la desesperaci\u00f3n se apoderan del caso, marcado por contradicciones y una creciente divisi\u00f3n en la familia del menor.<\/p>\n\n\n\n<p><strong>La reconstrucci\u00f3n del hecho<\/strong>, que cont\u00f3 con la participaci\u00f3n de los ni\u00f1os presentes el d\u00eda de la desaparici\u00f3n, e<strong>videnci\u00f3 el distanciamiento entre los padres de Loan.<\/strong> <strong>La madre del ni\u00f1o, Mar\u00eda Noguera, est\u00e1 representada por nuevos abogados, Fabi\u00e1n Lucero y N\u00e9stor Luque<\/strong>, luego de que su anterior letrado se retirara del caso. Seg\u00fan fuentes cercanas a la familia, el detonante habr\u00eda sido la decisi\u00f3n de Noguera de hablar con la prensa. <strong>Por su parte, el padre, Jos\u00e9 Pe\u00f1a, es representado por Roberto M\u00e9ndez.<\/strong><\/p>\n\n\n\n<p>La diligencia judicial destinada a esclarecer los hechos sum\u00f3 confusi\u00f3n a la causa. <strong>Mientras la representaci\u00f3n legal de la madre de Loan asegura que los tres detenidos<\/strong> (el t\u00edo del ni\u00f1o y una pareja amiga de este) <strong>estuvieron presentes en la reconstrucci\u00f3n, el abogado defensor de los imputados, Jorge Montti, lo niega rotundamente<\/strong>, anunciando que realizar\u00e1n una reconstrucci\u00f3n \u00aben una segunda etapa\u00bb.<\/p>\n\n\n\n<p>Montti present\u00f3 un escrito ante la fiscal\u00eda cuestionando la investigaci\u00f3n y <strong>se\u00f1alando a Laudelina, t\u00eda de Loan, y a Camila G\u00f3mez, quienes tambi\u00e9n participaron del almuerzo familiar<\/strong> previo a la desaparici\u00f3n, por supuestas contradicciones en sus declaraciones. Sin embargo, testimonios de otros presentes indican que ambas mujeres<strong> abandonaron la b\u00fasqueda de frutas poco despu\u00e9s de iniciada<\/strong>, regresando a la vivienda y desvincul\u00e1ndose del momento en que Loan se extravi\u00f3.<\/p>\n\n\n\n<p>Fuente e im\u00e1gen: Infobae. <\/p>\n","protected":false},"excerpt":{"rendered":"<p>Seis d\u00edas despu\u00e9s de la desaparici\u00f3n de Loan Danilo Pe\u00f1a, el ni\u00f1o de cinco a\u00f1os visto por \u00faltima vez en un paraje rural de Corrientes, la incertidumbre y la desesperaci\u00f3n se apoderan del caso, marcado por contradicciones y una creciente divisi\u00f3n en la familia del menor. La reconstrucci\u00f3n del hecho, que cont\u00f3 con la participaci\u00f3n [&hellip;]<\/p>\n","protected":false},"author":2,"featured_media":16612,"comment_status":"closed","ping_status":"open","sticky":false,"template":"","format":"standard","meta":{"footnotes":""},"categories":[533,3],"tags":[511,125],"class_list":{"0":"post-16611","1":"post","2":"type-post","3":"status-publish","4":"format-standard","5":"has-post-thumbnail","7":"category-caso-loan","8":"category-provinciales","9":"tag-bloque-2","10":"tag-corrientes"},"_links":{"self":[{"href":"https:\/\/zoomproducciones.com.ar\/zoomp\/wp-json\/wp\/v2\/posts\/16611","targetHints":{"allow":["GET"]}}],"collection":[{"href":"https:\/\/zoomproducciones.com.ar\/zoomp\/wp-json\/wp\/v2\/posts"}],"about":[{"href":"https:\/\/zoomproducciones.com.ar\/zoomp\/wp-json\/wp\/v2\/types\/post"}],"author":[{"embeddable":true,"href":"https:\/\/zoomproducciones.com.ar\/zoomp\/wp-json\/wp\/v2\/users\/2"}],"replies":[{"embeddable":true,"href":"https:\/\/zoomproducciones.com.ar\/zoomp\/wp-json\/wp\/v2\/comments?post=16611"}],"version-history":[{"count":1,"href":"https:\/\/zoomproducciones.com.ar\/zoomp\/wp-json\/wp\/v2\/posts\/16611\/revisions"}],"predecessor-version":[{"id":16620,"href":"https:\/\/zoomproducciones.com.ar\/zoomp\/wp-json\/wp\/v2\/posts\/16611\/revisions\/16620"}],"wp:featuredmedia":[{"embeddable":true,"href":"https:\/\/zoomproducciones.com.ar\/zoomp\/wp-json\/wp\/v2\/media\/16612"}],"wp:attachment":[{"href":"https:\/\/zoomproducciones.com.ar\/zoomp\/wp-json\/wp\/v2\/media?parent=16611"}],"wp:term":[{"taxonomy":"category","embeddable":true,"href":"https:\/\/zoomproducciones.com.ar\/zoomp\/wp-json\/wp\/v2\/categories?post=16611"},{"taxonomy":"post_tag","embeddable":true,"href":"https:\/\/zoomproducciones.com.ar\/zoomp\/wp-json\/wp\/v2\/tags?post=16611"}],"curies":[{"name":"wp","href":"https:\/\/api.w.org\/{rel}","templated":true}]}}