{"id":16605,"date":"2024-06-20T08:22:40","date_gmt":"2024-06-20T11:22:40","guid":{"rendered":"http:\/\/zoomproducciones.com.ar\/zoomp\/?p=16605"},"modified":"2024-06-20T08:22:41","modified_gmt":"2024-06-20T11:22:41","slug":"cuneo-libarona-critica-la-liberacion-de-detenidos-por-los-disturbios-en-el-congreso","status":"publish","type":"post","link":"https:\/\/zoomproducciones.com.ar\/zoomp\/cuneo-libarona-critica-la-liberacion-de-detenidos-por-los-disturbios-en-el-congreso\/","title":{"rendered":"C\u00faneo Libarona critica la liberaci\u00f3n de detenidos por los disturbios en el Congreso"},"content":{"rendered":"\n<p>El ministro de Justicia, Mariano C\u00faneo Libarona, expres\u00f3 su descontento a trav\u00e9s de un contundente mensaje en redes sociales, l<strong>uego de que la jueza Mar\u00eda Servini dispusiera la liberaci\u00f3n de once detenidos<\/strong> por los incidentes violentos ocurridos frente al Congreso el pasado 12 de junio, durante el debate de la Ley Bases.<\/p>\n\n\n\n<p>\u00ab<strong>Dentro de la ley todo, fuera de la ley nada. <\/strong>Los terroristas que atentaron contra el orden p\u00fablico el pasado 12 de junio no pueden quedar impunes\u00bb, sentenci\u00f3 el funcionario del gobierno de Javier Milei.<\/p>\n\n\n\n<p>En esa l\u00ednea, el ministro enfatiz\u00f3 que<strong> \u00abla Justicia tiene todas las herramientas necesarias para hacer cumplir la ley\u00bb <\/strong>y desde la cuenta oficial del Ministerio de Justicia se record\u00f3 el art\u00edculo 226 del C\u00f3digo Penal, que prev\u00e9 penas de 5 a 15 a\u00f1os de prisi\u00f3n para quienes<strong> \u00abse alzaren en armas para deponer alguno de los poderes p\u00fablicos<\/strong> (\u2026), impedir el libre ejercicio de sus facultades constitucionales o su formaci\u00f3n\u00bb.<\/p>\n\n\n\n<p>Con estas declaraciones, <strong>C\u00faneo Libarona se suma al rechazo expresado por otros sectores del gobierno por la liberaci\u00f3n de once de los diecis\u00e9is detenidos<\/strong> que permanec\u00edan bajo arresto por los disturbios, acusados de \u00abalzamiento contra el orden constitucional\u00bb. En total, ya son 27 las personas que recuperaron la libertad, de las 35 que hab\u00edan sido arrestadas tras los incidentes.<\/p>\n\n\n\n<p>La decisi\u00f3n de Servini ha generado controversia y reavivado el debate sobre los l\u00edmites a la protesta social y la aplicaci\u00f3n de la ley en este tipo de situaciones.<\/p>\n","protected":false},"excerpt":{"rendered":"<p>El ministro de Justicia, Mariano C\u00faneo Libarona, expres\u00f3 su descontento a trav\u00e9s de un contundente mensaje en redes sociales, luego de que la jueza Mar\u00eda Servini dispusiera la liberaci\u00f3n de once detenidos por los incidentes violentos ocurridos frente al Congreso el pasado 12 de junio, durante el debate de la Ley Bases. \u00abDentro de la [&hellip;]<\/p>\n","protected":false},"author":2,"featured_media":16606,"comment_status":"closed","ping_status":"open","sticky":false,"template":"","format":"standard","meta":{"footnotes":""},"categories":[8],"tags":[118,511],"class_list":{"0":"post-16605","1":"post","2":"type-post","3":"status-publish","4":"format-standard","5":"has-post-thumbnail","7":"category-nacionales","8":"tag-argentina","9":"tag-bloque-2"},"_links":{"self":[{"href":"https:\/\/zoomproducciones.com.ar\/zoomp\/wp-json\/wp\/v2\/posts\/16605","targetHints":{"allow":["GET"]}}],"collection":[{"href":"https:\/\/zoomproducciones.com.ar\/zoomp\/wp-json\/wp\/v2\/posts"}],"about":[{"href":"https:\/\/zoomproducciones.com.ar\/zoomp\/wp-json\/wp\/v2\/types\/post"}],"author":[{"embeddable":true,"href":"https:\/\/zoomproducciones.com.ar\/zoomp\/wp-json\/wp\/v2\/users\/2"}],"replies":[{"embeddable":true,"href":"https:\/\/zoomproducciones.com.ar\/zoomp\/wp-json\/wp\/v2\/comments?post=16605"}],"version-history":[{"count":1,"href":"https:\/\/zoomproducciones.com.ar\/zoomp\/wp-json\/wp\/v2\/posts\/16605\/revisions"}],"predecessor-version":[{"id":16608,"href":"https:\/\/zoomproducciones.com.ar\/zoomp\/wp-json\/wp\/v2\/posts\/16605\/revisions\/16608"}],"wp:featuredmedia":[{"embeddable":true,"href":"https:\/\/zoomproducciones.com.ar\/zoomp\/wp-json\/wp\/v2\/media\/16606"}],"wp:attachment":[{"href":"https:\/\/zoomproducciones.com.ar\/zoomp\/wp-json\/wp\/v2\/media?parent=16605"}],"wp:term":[{"taxonomy":"category","embeddable":true,"href":"https:\/\/zoomproducciones.com.ar\/zoomp\/wp-json\/wp\/v2\/categories?post=16605"},{"taxonomy":"post_tag","embeddable":true,"href":"https:\/\/zoomproducciones.com.ar\/zoomp\/wp-json\/wp\/v2\/tags?post=16605"}],"curies":[{"name":"wp","href":"https:\/\/api.w.org\/{rel}","templated":true}]}}