{"id":16603,"date":"2024-06-20T08:22:46","date_gmt":"2024-06-20T11:22:46","guid":{"rendered":"http:\/\/zoomproducciones.com.ar\/zoomp\/?p=16603"},"modified":"2024-06-20T08:22:47","modified_gmt":"2024-06-20T11:22:47","slug":"20-de-junio-dia-de-la-bandera","status":"publish","type":"post","link":"https:\/\/zoomproducciones.com.ar\/zoomp\/20-de-junio-dia-de-la-bandera\/","title":{"rendered":"20 de Junio: D\u00eda de la Bandera"},"content":{"rendered":"\n<p>El 20 de junio, <strong>Argentina se viste de celeste y blanco para conmemorar el D\u00eda de la Bandera,<\/strong> una festividad nacional que honra al emblema m\u00e1ximo de la identidad argentina y recuerda a su creador, <strong>Manuel Belgrano.<\/strong> Este d\u00eda, declarado feriado nacional, es una ocasi\u00f3n para reflexionar sobre el patriotismo y la unidad nacional.<\/p>\n\n\n\n<p>La elecci\u00f3n de la fecha no es casual: <strong>el 20 de junio de 1820 falleci\u00f3 Manuel Belgrano<\/strong>, uno de los m\u00e1s destacados pr\u00f3ceres de la independencia argentina y creador de la bandera nacional. En 1812, en medio de la lucha por la emancipaci\u00f3n del dominio espa\u00f1ol, <strong>Belgrano dise\u00f1\u00f3 la bandera con los colores celeste y blanco, inspirados en el cielo y los colores de la escarapela nacional<\/strong>. Esta ense\u00f1a fue izada por primera vez a orillas del r\u00edo Paran\u00e1, en la actual ciudad de Rosario.<\/p>\n\n\n\n<p>Desde su creaci\u00f3n,<strong> la bandera argentina ha sido s\u00edmbolo de la lucha por la libertad y la soberan\u00eda<\/strong>. El Congreso de Tucum\u00e1n, en 1816, <strong>adopt\u00f3 oficialmente estos colores como los de la bandera nacional,<\/strong> consolidando as\u00ed un s\u00edmbolo que representar\u00eda los valores y aspiraciones de la nueva naci\u00f3n.<\/p>\n\n\n\n<p>La celebraci\u00f3n del D\u00eda de la Bandera se centra en la ciudad de Rosario, provincia de Santa Fe, donde se erige el <strong>Monumento Nacional a la Bandera.<\/strong> Este majestuoso complejo arquitect\u00f3nico es el epicentro de las ceremonias oficiales, que incluyen desfiles militares, actos c\u00edvicos, y la participaci\u00f3n de autoridades gubernamentales, escolares y ciudadanos.<\/p>\n\n\n\n<p>Cada a\u00f1o, <strong>miles de argentinos se re\u00fanen en este emblem\u00e1tico lugar para rendir homenaje a su bandera y a Manuel Belgrano. <\/strong>Las escuelas de todo el pa\u00eds tambi\u00e9n participan activamente, o<strong>rganizando actos en los que los estudiantes de cuarto grado prometen lealtad a la bandera<\/strong>, un momento cargado de emoci\u00f3n y simbolismo.<\/p>\n\n\n\n<p>El D\u00eda de la Bandera es m\u00e1s que una simple celebraci\u00f3n; <strong>es una reafirmaci\u00f3n de los valores de libertad, igualdad y justicia que inspiraron a Belgrano<\/strong> y a los luchadores por la independencia. Es un recordatorio de que, a pesar de las diferencias, la bandera une a todos los argentinos bajo un mismo ideal de naci\u00f3n.<\/p>\n\n\n\n<p>As\u00ed, cada 20 de junio, Argentina se une en un solo coraz\u00f3n celeste y blanco, renovando el compromiso con su historia, su presente y su futuro.<\/p>\n","protected":false},"excerpt":{"rendered":"<p>El 20 de junio, Argentina se viste de celeste y blanco para conmemorar el D\u00eda de la Bandera, una festividad nacional que honra al emblema m\u00e1ximo de la identidad argentina y recuerda a su creador, Manuel Belgrano. Este d\u00eda, declarado feriado nacional, es una ocasi\u00f3n para reflexionar sobre el patriotismo y la unidad nacional. La [&hellip;]<\/p>\n","protected":false},"author":2,"featured_media":16604,"comment_status":"closed","ping_status":"open","sticky":false,"template":"","format":"standard","meta":{"footnotes":""},"categories":[8],"tags":[118,511],"class_list":{"0":"post-16603","1":"post","2":"type-post","3":"status-publish","4":"format-standard","5":"has-post-thumbnail","7":"category-nacionales","8":"tag-argentina","9":"tag-bloque-2"},"_links":{"self":[{"href":"https:\/\/zoomproducciones.com.ar\/zoomp\/wp-json\/wp\/v2\/posts\/16603","targetHints":{"allow":["GET"]}}],"collection":[{"href":"https:\/\/zoomproducciones.com.ar\/zoomp\/wp-json\/wp\/v2\/posts"}],"about":[{"href":"https:\/\/zoomproducciones.com.ar\/zoomp\/wp-json\/wp\/v2\/types\/post"}],"author":[{"embeddable":true,"href":"https:\/\/zoomproducciones.com.ar\/zoomp\/wp-json\/wp\/v2\/users\/2"}],"replies":[{"embeddable":true,"href":"https:\/\/zoomproducciones.com.ar\/zoomp\/wp-json\/wp\/v2\/comments?post=16603"}],"version-history":[{"count":1,"href":"https:\/\/zoomproducciones.com.ar\/zoomp\/wp-json\/wp\/v2\/posts\/16603\/revisions"}],"predecessor-version":[{"id":16610,"href":"https:\/\/zoomproducciones.com.ar\/zoomp\/wp-json\/wp\/v2\/posts\/16603\/revisions\/16610"}],"wp:featuredmedia":[{"embeddable":true,"href":"https:\/\/zoomproducciones.com.ar\/zoomp\/wp-json\/wp\/v2\/media\/16604"}],"wp:attachment":[{"href":"https:\/\/zoomproducciones.com.ar\/zoomp\/wp-json\/wp\/v2\/media?parent=16603"}],"wp:term":[{"taxonomy":"category","embeddable":true,"href":"https:\/\/zoomproducciones.com.ar\/zoomp\/wp-json\/wp\/v2\/categories?post=16603"},{"taxonomy":"post_tag","embeddable":true,"href":"https:\/\/zoomproducciones.com.ar\/zoomp\/wp-json\/wp\/v2\/tags?post=16603"}],"curies":[{"name":"wp","href":"https:\/\/api.w.org\/{rel}","templated":true}]}}