{"id":16599,"date":"2024-06-20T08:22:35","date_gmt":"2024-06-20T11:22:35","guid":{"rendered":"http:\/\/zoomproducciones.com.ar\/zoomp\/?p=16599"},"modified":"2024-06-20T08:22:36","modified_gmt":"2024-06-20T11:22:36","slug":"entre-pastas-y-memes-milei-respondio-a-preguntas-en-redes-y-anticipo-medidas-de-gobierno","status":"publish","type":"post","link":"https:\/\/zoomproducciones.com.ar\/zoomp\/entre-pastas-y-memes-milei-respondio-a-preguntas-en-redes-y-anticipo-medidas-de-gobierno\/","title":{"rendered":"Entre pastas y memes: Milei respondi\u00f3 a preguntas en redes y anticip\u00f3 medidas de gobierno"},"content":{"rendered":"\n<p>El presidente Javier Milei dedic\u00f3 parte de su mediod\u00eda de este mi\u00e9rcoles a responder preguntas de usuarios en X, mientras disfrutaba de un plato de pastas.<\/p>\n\n\n\n<p>En la interacci\u00f3n, que se extendi\u00f3 por varios minutos, el mandatario abord\u00f3 temas que fueron desde sus preferencias personales hasta anuncios sobre su gesti\u00f3n.<\/p>\n\n\n\n<p><strong>Adelantos de gesti\u00f3n y gui\u00f1os pol\u00edticos:<\/strong><\/p>\n\n\n\n<p><strong>Ley Bases:<\/strong>\u00a0\u00a0Milei se mostr\u00f3 confiado en el tratamiento de la Ley Bases en la C\u00e1mara de Diputados y destac\u00f3 el di\u00e1logo con la oposici\u00f3n.<br><strong>Pacto de Mayo:<\/strong>\u00a0\u00a0Confirm\u00f3 que se concretar\u00e1 cuando est\u00e9n dadas las condiciones, invitando a todos los que apoyan la Ley Bases.<br><strong>Cr\u00e9dito del Banco Mundial:<\/strong>\u00a0\u00a0Anticip\u00f3 que ser\u00e1 \u00absorprendente\u00bb y \u00abfuera de los par\u00e1metros convencionales\u00bb.<br><strong>Libre competencia de monedas:<\/strong>\u00a0Ratific\u00f3 su intenci\u00f3n de implementarla, incluyendo Bitcoin y otras unidades como el WTI y BTU.<br><strong>Eliminaci\u00f3n de Ingresos Brutos:<\/strong>\u00a0Asegur\u00f3 que se concretar\u00e1 en el marco de una futura reforma fiscal integral.<\/p>\n\n\n\n<p><strong>Costado personal y deportivo:<\/strong><\/p>\n\n\n\n<p><strong>Preferencias culinarias:<\/strong>\u00a0Comparti\u00f3 su gusto por la sand\u00eda, el helado de vainilla y las pastas.<br><strong>Fan de los memes:<\/strong>\u00a0\u00a0Confes\u00f3 ser un gran consumidor de memes en su tiempo libre.<br><strong>Gol inolvidable:<\/strong>\u00a0Eligi\u00f3 el segundo gol de Maradona a Inglaterra en M\u00e9xico 86 como el que m\u00e1s grit\u00f3 en su vida.<\/p>\n\n\n\n<p><strong>Di\u00e1logo con referentes y respuesta a cr\u00edticas:<\/strong><\/p>\n\n\n\n<p>Intercambi\u00f3 mensajes con referentes liberales como<strong> Mart\u00edn Tetaz y el periodista Marcelo Duclos<\/strong>.<br>Recibi\u00f3 el saludo del diputado del PRO, <strong>Dami\u00e1n Arabia<\/strong>, a quien felicit\u00f3 por su labor.<br><strong>Respondi\u00f3 a cr\u00edticas sobre la situaci\u00f3n econ\u00f3mica<\/strong>, atribuy\u00e9ndola a \u00ab20 a\u00f1os de populismo\u00bb y asegurando que su gobierno trabaja para revertirla.<\/p>\n","protected":false},"excerpt":{"rendered":"<p>El presidente Javier Milei dedic\u00f3 parte de su mediod\u00eda de este mi\u00e9rcoles a responder preguntas de usuarios en X, mientras disfrutaba de un plato de pastas. En la interacci\u00f3n, que se extendi\u00f3 por varios minutos, el mandatario abord\u00f3 temas que fueron desde sus preferencias personales hasta anuncios sobre su gesti\u00f3n. Adelantos de gesti\u00f3n y gui\u00f1os [&hellip;]<\/p>\n","protected":false},"author":2,"featured_media":16600,"comment_status":"closed","ping_status":"open","sticky":false,"template":"","format":"standard","meta":{"footnotes":""},"categories":[8],"tags":[118,511],"class_list":{"0":"post-16599","1":"post","2":"type-post","3":"status-publish","4":"format-standard","5":"has-post-thumbnail","7":"category-nacionales","8":"tag-argentina","9":"tag-bloque-2"},"_links":{"self":[{"href":"https:\/\/zoomproducciones.com.ar\/zoomp\/wp-json\/wp\/v2\/posts\/16599","targetHints":{"allow":["GET"]}}],"collection":[{"href":"https:\/\/zoomproducciones.com.ar\/zoomp\/wp-json\/wp\/v2\/posts"}],"about":[{"href":"https:\/\/zoomproducciones.com.ar\/zoomp\/wp-json\/wp\/v2\/types\/post"}],"author":[{"embeddable":true,"href":"https:\/\/zoomproducciones.com.ar\/zoomp\/wp-json\/wp\/v2\/users\/2"}],"replies":[{"embeddable":true,"href":"https:\/\/zoomproducciones.com.ar\/zoomp\/wp-json\/wp\/v2\/comments?post=16599"}],"version-history":[{"count":1,"href":"https:\/\/zoomproducciones.com.ar\/zoomp\/wp-json\/wp\/v2\/posts\/16599\/revisions"}],"predecessor-version":[{"id":16607,"href":"https:\/\/zoomproducciones.com.ar\/zoomp\/wp-json\/wp\/v2\/posts\/16599\/revisions\/16607"}],"wp:featuredmedia":[{"embeddable":true,"href":"https:\/\/zoomproducciones.com.ar\/zoomp\/wp-json\/wp\/v2\/media\/16600"}],"wp:attachment":[{"href":"https:\/\/zoomproducciones.com.ar\/zoomp\/wp-json\/wp\/v2\/media?parent=16599"}],"wp:term":[{"taxonomy":"category","embeddable":true,"href":"https:\/\/zoomproducciones.com.ar\/zoomp\/wp-json\/wp\/v2\/categories?post=16599"},{"taxonomy":"post_tag","embeddable":true,"href":"https:\/\/zoomproducciones.com.ar\/zoomp\/wp-json\/wp\/v2\/tags?post=16599"}],"curies":[{"name":"wp","href":"https:\/\/api.w.org\/{rel}","templated":true}]}}