{"id":16595,"date":"2024-06-20T08:01:18","date_gmt":"2024-06-20T11:01:18","guid":{"rendered":"http:\/\/zoomproducciones.com.ar\/zoomp\/?p=16595"},"modified":"2024-06-20T08:01:18","modified_gmt":"2024-06-20T11:01:18","slug":"milei-participara-del-acto-por-el-dia-de-la-bandera-en-rosario-y-luego-partira-a-espana","status":"publish","type":"post","link":"https:\/\/zoomproducciones.com.ar\/zoomp\/milei-participara-del-acto-por-el-dia-de-la-bandera-en-rosario-y-luego-partira-a-espana\/","title":{"rendered":"Milei participar\u00e1 del acto por el D\u00eda de la Bandera en Rosario y luego partir\u00e1 a Espa\u00f1a"},"content":{"rendered":"\n<p>Antes de embarcarse en una nueva gira internacional, <strong>el presidente Javier Milei har\u00e1 una parada rel\u00e1mpago en Rosario<\/strong> para participar de los actos conmemorativos por el D\u00eda de la Bandera.<\/p>\n\n\n\n<p>El mandatario llegar\u00e1 a la ciudad santafesina cerca de las <strong>9:00 hs<\/strong>, donde junto al gobernador Omar Perotti y el intendente Pablo Javkin,<strong> encabezar\u00e1 el homenaje a Manuel Belgrano en el Monumento Nacional a la Bandera.<\/strong><\/p>\n\n\n\n<p>Como parte de la ceremonia<strong>, Milei tomar\u00e1 juramento a cadetes de distintos liceos militares,<\/strong> incluyendo el Liceo Militar General Belgrano de Santa Fe, el Liceo Aeron\u00e1utico Militar de Funes, el Liceo Naval Militar Almirante Brown de Buenos Aires y el Liceo Militar General Belgrano.<\/p>\n\n\n\n<p>Tras el acto, <strong>el presidente regresar\u00e1 a Buenos Aires para partir, a las 19:00 hs, rumbo a Espa\u00f1a<\/strong>, dando inicio a una gira que lo llevar\u00e1 tambi\u00e9n por Alemania y Rep\u00fablica Checa.<\/p>\n\n\n\n<h2 class=\"wp-block-heading\">As\u00ed ser\u00e1 la agenda en Europa<\/h2>\n\n\n\n<p>La gira de Milei por Europa tendr\u00e1 como ejes centrales la participaci\u00f3n en eventos de corte liberal, la recepci\u00f3n de importantes distinciones y una serie de encuentros con l\u00edderes pol\u00edticos y empresarios.<\/p>\n\n\n\n<p><strong>Espa\u00f1a:<\/strong><\/p>\n\n\n\n<ul class=\"wp-block-list\">\n<li>Recepci\u00f3n de la Medalla Internacional de la Comunidad de Madrid, otorgada por la presidenta Isabel D\u00edaz Ayuso.<\/li>\n\n\n\n<li>Premiaci\u00f3n en la Cena de la Libertad, organizada por el Instituto Juan de Mariana.<\/li>\n\n\n\n<li>Discurso junto al profesor Jes\u00fas Huerta de Soto.<\/li>\n<\/ul>\n\n\n\n<p><strong>Alemania:<\/strong><\/p>\n\n\n\n<ul class=\"wp-block-list\">\n<li>Entrega de la medalla Hayek en Hamburgo, seguida de una conferencia.<\/li>\n\n\n\n<li>Reuni\u00f3n de trabajo con representantes del gobierno alem\u00e1n en Berl\u00edn (se cancel\u00f3 el encuentro con el canciller Olaf Scholz).<\/li>\n<\/ul>\n\n\n\n<p><strong>Rep\u00fablica Checa:<\/strong><\/p>\n\n\n\n<ul class=\"wp-block-list\">\n<li>Reuni\u00f3n con el Primer Ministro, Petr Fiala.<\/li>\n\n\n\n<li> Encuentro con empresarios checos.<\/li>\n\n\n\n<li>Ceremonia de entrega del Premio del Instituto Liberal en el Palacio Zofin de Praga.<\/li>\n\n\n\n<li>Visita privada al Presidente de la Rep\u00fablica Checa, Petr Pavel.<\/li>\n<\/ul>\n","protected":false},"excerpt":{"rendered":"<p>Antes de embarcarse en una nueva gira internacional, el presidente Javier Milei har\u00e1 una parada rel\u00e1mpago en Rosario para participar de los actos conmemorativos por el D\u00eda de la Bandera. El mandatario llegar\u00e1 a la ciudad santafesina cerca de las 9:00 hs, donde junto al gobernador Omar Perotti y el intendente Pablo Javkin, encabezar\u00e1 el [&hellip;]<\/p>\n","protected":false},"author":2,"featured_media":16475,"comment_status":"closed","ping_status":"open","sticky":false,"template":"","format":"standard","meta":{"footnotes":""},"categories":[8],"tags":[118,42],"class_list":{"0":"post-16595","1":"post","2":"type-post","3":"status-publish","4":"format-standard","5":"has-post-thumbnail","7":"category-nacionales","8":"tag-argentina","9":"tag-featured"},"_links":{"self":[{"href":"https:\/\/zoomproducciones.com.ar\/zoomp\/wp-json\/wp\/v2\/posts\/16595","targetHints":{"allow":["GET"]}}],"collection":[{"href":"https:\/\/zoomproducciones.com.ar\/zoomp\/wp-json\/wp\/v2\/posts"}],"about":[{"href":"https:\/\/zoomproducciones.com.ar\/zoomp\/wp-json\/wp\/v2\/types\/post"}],"author":[{"embeddable":true,"href":"https:\/\/zoomproducciones.com.ar\/zoomp\/wp-json\/wp\/v2\/users\/2"}],"replies":[{"embeddable":true,"href":"https:\/\/zoomproducciones.com.ar\/zoomp\/wp-json\/wp\/v2\/comments?post=16595"}],"version-history":[{"count":1,"href":"https:\/\/zoomproducciones.com.ar\/zoomp\/wp-json\/wp\/v2\/posts\/16595\/revisions"}],"predecessor-version":[{"id":16596,"href":"https:\/\/zoomproducciones.com.ar\/zoomp\/wp-json\/wp\/v2\/posts\/16595\/revisions\/16596"}],"wp:featuredmedia":[{"embeddable":true,"href":"https:\/\/zoomproducciones.com.ar\/zoomp\/wp-json\/wp\/v2\/media\/16475"}],"wp:attachment":[{"href":"https:\/\/zoomproducciones.com.ar\/zoomp\/wp-json\/wp\/v2\/media?parent=16595"}],"wp:term":[{"taxonomy":"category","embeddable":true,"href":"https:\/\/zoomproducciones.com.ar\/zoomp\/wp-json\/wp\/v2\/categories?post=16595"},{"taxonomy":"post_tag","embeddable":true,"href":"https:\/\/zoomproducciones.com.ar\/zoomp\/wp-json\/wp\/v2\/tags?post=16595"}],"curies":[{"name":"wp","href":"https:\/\/api.w.org\/{rel}","templated":true}]}}