{"id":16593,"date":"2024-06-21T06:30:00","date_gmt":"2024-06-21T09:30:00","guid":{"rendered":"http:\/\/zoomproducciones.com.ar\/zoomp\/?p=16593"},"modified":"2024-06-21T08:33:56","modified_gmt":"2024-06-21T11:33:56","slug":"corrientes-busca-frenar-la-reincidencia-delictiva-asi-es-el-proyecto-de-ley-que-presento-valdes","status":"publish","type":"post","link":"https:\/\/zoomproducciones.com.ar\/zoomp\/corrientes-busca-frenar-la-reincidencia-delictiva-asi-es-el-proyecto-de-ley-que-presento-valdes\/","title":{"rendered":"Corrientes busca frenar la Reincidencia Delictiva: as\u00ed es el proyecto de ley que present\u00f3 Vald\u00e9s"},"content":{"rendered":"\n<p>El gobernador de Corrientes, Gustavo Vald\u00e9s, present\u00f3 un proyecto de ley que <strong>busca endurecer las penas para los delincuentes reincidentes en la provincia.<\/strong> La iniciativa, que ya ingres\u00f3 a la Legislatura provincial, propone incorporar el principio de \u00abreiterancia\u00bb al C\u00f3digo Procesal Penal, lo que <strong>permitir\u00eda a los jueces considerar la repetici\u00f3n de delitos como un agravante<\/strong> al momento de dictar sentencia.<\/p>\n\n\n\n<p>El objetivo principal de esta medida es <strong>brindar al<\/strong> <strong>Poder Judicial una herramienta m\u00e1s efectiva para combatir la inseguridad<\/strong>, especialmente en casos donde los delincuentes reinciden en delitos tras ser liberados. El proyecto tambi\u00e9n <strong>busca optimizar la labor de los fiscales,<\/strong> dot\u00e1ndolos de la facultad de solicitar la prisi\u00f3n preventiva para aquellos individuos que demuestren un patr\u00f3n de conducta delictiva.<\/p>\n\n\n\n<p>\u00ab<strong>Buscamos una mayor eficiencia para que aquel individuo que cometi\u00f3 un delito y lo reitera no siga delinquiendo<\/strong>\u00ab, explic\u00f3 el fiscal de Estado, Horacio Ortega, quien trabaj\u00f3 en conjunto con el Ministerio P\u00fablico para elaborar el proyecto.<\/p>\n\n\n\n<p>La iniciativa surge como respuesta a la creciente preocupaci\u00f3n ciudadana por la reincidencia delictiva y la sensaci\u00f3n de impunidad. Con este cambio legislativo, <strong>se espera desalentar la reiteraci\u00f3n de delitos y brindar mayor seguridad a la sociedad correntina.<\/strong><\/p>\n","protected":false},"excerpt":{"rendered":"<p>El gobernador de Corrientes, Gustavo Vald\u00e9s, present\u00f3 un proyecto de ley que busca endurecer las penas para los delincuentes reincidentes en la provincia. La iniciativa, que ya ingres\u00f3 a la Legislatura provincial, propone incorporar el principio de \u00abreiterancia\u00bb al C\u00f3digo Procesal Penal, lo que permitir\u00eda a los jueces considerar la repetici\u00f3n de delitos como un [&hellip;]<\/p>\n","protected":false},"author":2,"featured_media":16594,"comment_status":"closed","ping_status":"open","sticky":false,"template":"","format":"standard","meta":{"footnotes":""},"categories":[3],"tags":[511,125],"class_list":{"0":"post-16593","1":"post","2":"type-post","3":"status-publish","4":"format-standard","5":"has-post-thumbnail","7":"category-provinciales","8":"tag-bloque-2","9":"tag-corrientes"},"_links":{"self":[{"href":"https:\/\/zoomproducciones.com.ar\/zoomp\/wp-json\/wp\/v2\/posts\/16593","targetHints":{"allow":["GET"]}}],"collection":[{"href":"https:\/\/zoomproducciones.com.ar\/zoomp\/wp-json\/wp\/v2\/posts"}],"about":[{"href":"https:\/\/zoomproducciones.com.ar\/zoomp\/wp-json\/wp\/v2\/types\/post"}],"author":[{"embeddable":true,"href":"https:\/\/zoomproducciones.com.ar\/zoomp\/wp-json\/wp\/v2\/users\/2"}],"replies":[{"embeddable":true,"href":"https:\/\/zoomproducciones.com.ar\/zoomp\/wp-json\/wp\/v2\/comments?post=16593"}],"version-history":[{"count":1,"href":"https:\/\/zoomproducciones.com.ar\/zoomp\/wp-json\/wp\/v2\/posts\/16593\/revisions"}],"predecessor-version":[{"id":16597,"href":"https:\/\/zoomproducciones.com.ar\/zoomp\/wp-json\/wp\/v2\/posts\/16593\/revisions\/16597"}],"wp:featuredmedia":[{"embeddable":true,"href":"https:\/\/zoomproducciones.com.ar\/zoomp\/wp-json\/wp\/v2\/media\/16594"}],"wp:attachment":[{"href":"https:\/\/zoomproducciones.com.ar\/zoomp\/wp-json\/wp\/v2\/media?parent=16593"}],"wp:term":[{"taxonomy":"category","embeddable":true,"href":"https:\/\/zoomproducciones.com.ar\/zoomp\/wp-json\/wp\/v2\/categories?post=16593"},{"taxonomy":"post_tag","embeddable":true,"href":"https:\/\/zoomproducciones.com.ar\/zoomp\/wp-json\/wp\/v2\/tags?post=16593"}],"curies":[{"name":"wp","href":"https:\/\/api.w.org\/{rel}","templated":true}]}}