{"id":16583,"date":"2024-06-19T08:23:31","date_gmt":"2024-06-19T11:23:31","guid":{"rendered":"http:\/\/zoomproducciones.com.ar\/zoomp\/?p=16583"},"modified":"2024-07-01T07:12:36","modified_gmt":"2024-07-01T10:12:36","slug":"imputados-por-la-desaparicion-de-loan-sanilo-pena-se-abstuvieron-de-declarar","status":"publish","type":"post","link":"https:\/\/zoomproducciones.com.ar\/zoomp\/imputados-por-la-desaparicion-de-loan-sanilo-pena-se-abstuvieron-de-declarar\/","title":{"rendered":"Imputados por la desaparici\u00f3n de Loan Danilo Pe\u00f1a se abstuvieron de declarar"},"content":{"rendered":"\n<p>Tres personas, <strong>Bernardino Antonio Ben\u00edtez, Daniel Oscar \u00abFierrito\u00bb Ram\u00edrez y M\u00f3nica del Carmen Millapi<\/strong>, imputados de abandono de persona en relaci\u00f3n a la desaparici\u00f3n de Loan Sanilo Pe\u00f1a en el Paraje Algarrobal, <strong>se abstuvieron de declarar ante el fiscal Juan Carlos Castillo<\/strong> de la UFIC de Goya.<\/p>\n\n\n\n<p>El fiscal fundament\u00f3 la <strong>imputaci\u00f3n con evidencia contundente<\/strong>, incluyendo sondeos vecinales, socioambientales en los domicilios de los imputados, actas de secuestro, allanamientos y requisas, im\u00e1genes satelitales e informes m\u00e9dicos.<\/p>\n\n\n\n<p>Con base en esta evidencia, el fiscal Castillo solicit\u00f3 al juez de garant\u00edas de Goya, Lucio L\u00f3pez Lecube,<strong> la prisi\u00f3n preventiva de los imputados, argumentando el riesgo procesal que supon\u00eda su libertad<\/strong>. El juez finalmente otorg\u00f3 la medida cautelar.<\/p>\n\n\n\n<p>La defensa de los imputados, a cargo del doctor Jorge Leandro Montti, no logr\u00f3 evitar la prisi\u00f3n preventiva. <strong>La investigaci\u00f3n por la desaparici\u00f3n de Loan Sanilo Pe\u00f1a contin\u00faa<\/strong>, con la esperanza de obtener m\u00e1s informaci\u00f3n que permita esclarecer el destino de la joven y, eventualmente, dar con su paradero.<\/p>\n\n\n\n<p>Con datos de Radio 2.<\/p>\n","protected":false},"excerpt":{"rendered":"<p>Tres personas, Bernardino Antonio Ben\u00edtez, Daniel Oscar \u00abFierrito\u00bb Ram\u00edrez y M\u00f3nica del Carmen Millapi, imputados de abandono de persona en relaci\u00f3n a la desaparici\u00f3n de Loan Sanilo Pe\u00f1a en el Paraje Algarrobal, se abstuvieron de declarar ante el fiscal Juan Carlos Castillo de la UFIC de Goya. El fiscal fundament\u00f3 la imputaci\u00f3n con evidencia contundente, [&hellip;]<\/p>\n","protected":false},"author":2,"featured_media":16585,"comment_status":"closed","ping_status":"open","sticky":false,"template":"","format":"standard","meta":{"footnotes":""},"categories":[533,3],"tags":[511,125],"class_list":{"0":"post-16583","1":"post","2":"type-post","3":"status-publish","4":"format-standard","5":"has-post-thumbnail","7":"category-caso-loan","8":"category-provinciales","9":"tag-bloque-2","10":"tag-corrientes"},"_links":{"self":[{"href":"https:\/\/zoomproducciones.com.ar\/zoomp\/wp-json\/wp\/v2\/posts\/16583","targetHints":{"allow":["GET"]}}],"collection":[{"href":"https:\/\/zoomproducciones.com.ar\/zoomp\/wp-json\/wp\/v2\/posts"}],"about":[{"href":"https:\/\/zoomproducciones.com.ar\/zoomp\/wp-json\/wp\/v2\/types\/post"}],"author":[{"embeddable":true,"href":"https:\/\/zoomproducciones.com.ar\/zoomp\/wp-json\/wp\/v2\/users\/2"}],"replies":[{"embeddable":true,"href":"https:\/\/zoomproducciones.com.ar\/zoomp\/wp-json\/wp\/v2\/comments?post=16583"}],"version-history":[{"count":3,"href":"https:\/\/zoomproducciones.com.ar\/zoomp\/wp-json\/wp\/v2\/posts\/16583\/revisions"}],"predecessor-version":[{"id":16590,"href":"https:\/\/zoomproducciones.com.ar\/zoomp\/wp-json\/wp\/v2\/posts\/16583\/revisions\/16590"}],"wp:featuredmedia":[{"embeddable":true,"href":"https:\/\/zoomproducciones.com.ar\/zoomp\/wp-json\/wp\/v2\/media\/16585"}],"wp:attachment":[{"href":"https:\/\/zoomproducciones.com.ar\/zoomp\/wp-json\/wp\/v2\/media?parent=16583"}],"wp:term":[{"taxonomy":"category","embeddable":true,"href":"https:\/\/zoomproducciones.com.ar\/zoomp\/wp-json\/wp\/v2\/categories?post=16583"},{"taxonomy":"post_tag","embeddable":true,"href":"https:\/\/zoomproducciones.com.ar\/zoomp\/wp-json\/wp\/v2\/tags?post=16583"}],"curies":[{"name":"wp","href":"https:\/\/api.w.org\/{rel}","templated":true}]}}