{"id":16581,"date":"2024-06-19T08:24:03","date_gmt":"2024-06-19T11:24:03","guid":{"rendered":"http:\/\/zoomproducciones.com.ar\/zoomp\/?p=16581"},"modified":"2024-06-19T08:24:04","modified_gmt":"2024-06-19T11:24:04","slug":"el-municipio-anuncia-un-aumento-del-30-en-el-adicional-para-jubilados-municipales","status":"publish","type":"post","link":"https:\/\/zoomproducciones.com.ar\/zoomp\/el-municipio-anuncia-un-aumento-del-30-en-el-adicional-para-jubilados-municipales\/","title":{"rendered":"El Municipio anuncia un aumento del 30% en el adicional para jubilados municipales"},"content":{"rendered":"\n<p>El Municipio de Paso de los Libres ha anunciado un aumento del 30% en el adicional para los jubilados municipales. La medida, decidida por el intendente Mart\u00edn \u00abTincho\u00bb Asc\u00faa, <strong>se har\u00e1 efectiva a partir del jueves 20 de junio de 2024.<\/strong><\/p>\n\n\n\n<p>Este incremento forma parte de las pol\u00edticas del municipio \u00bbpara apoyar a los sectores m\u00e1s vulnerables y mejorar la distribuci\u00f3n de los recursos\u00bb. <strong>El aumento del 30% se aplicar\u00e1 directamente al adicional de los jubilados, <\/strong>quienes podr\u00e1n disponer del mismo desde la fecha mencionada.<\/p>\n\n\n\n<p>El intendente Asc\u00faa se\u00f1al\u00f3 que la iniciativa busca proteger el salario de los jubilados contra la inflaci\u00f3n y afirm\u00f3 que el municipio continuar\u00e1 trabajando en medidas para el bienestar de todos los jubilados municipales.<\/p>\n","protected":false},"excerpt":{"rendered":"<p>El Municipio de Paso de los Libres ha anunciado un aumento del 30% en el adicional para los jubilados municipales. La medida, decidida por el intendente Mart\u00edn \u00abTincho\u00bb Asc\u00faa, se har\u00e1 efectiva a partir del jueves 20 de junio de 2024. Este incremento forma parte de las pol\u00edticas del municipio \u00bbpara apoyar a los sectores [&hellip;]<\/p>\n","protected":false},"author":2,"featured_media":16582,"comment_status":"closed","ping_status":"open","sticky":false,"template":"","format":"standard","meta":{"footnotes":""},"categories":[5],"tags":[511,116],"class_list":{"0":"post-16581","1":"post","2":"type-post","3":"status-publish","4":"format-standard","5":"has-post-thumbnail","7":"category-locales","8":"tag-bloque-2","9":"tag-paso-de-los-libres"},"_links":{"self":[{"href":"https:\/\/zoomproducciones.com.ar\/zoomp\/wp-json\/wp\/v2\/posts\/16581","targetHints":{"allow":["GET"]}}],"collection":[{"href":"https:\/\/zoomproducciones.com.ar\/zoomp\/wp-json\/wp\/v2\/posts"}],"about":[{"href":"https:\/\/zoomproducciones.com.ar\/zoomp\/wp-json\/wp\/v2\/types\/post"}],"author":[{"embeddable":true,"href":"https:\/\/zoomproducciones.com.ar\/zoomp\/wp-json\/wp\/v2\/users\/2"}],"replies":[{"embeddable":true,"href":"https:\/\/zoomproducciones.com.ar\/zoomp\/wp-json\/wp\/v2\/comments?post=16581"}],"version-history":[{"count":1,"href":"https:\/\/zoomproducciones.com.ar\/zoomp\/wp-json\/wp\/v2\/posts\/16581\/revisions"}],"predecessor-version":[{"id":16589,"href":"https:\/\/zoomproducciones.com.ar\/zoomp\/wp-json\/wp\/v2\/posts\/16581\/revisions\/16589"}],"wp:featuredmedia":[{"embeddable":true,"href":"https:\/\/zoomproducciones.com.ar\/zoomp\/wp-json\/wp\/v2\/media\/16582"}],"wp:attachment":[{"href":"https:\/\/zoomproducciones.com.ar\/zoomp\/wp-json\/wp\/v2\/media?parent=16581"}],"wp:term":[{"taxonomy":"category","embeddable":true,"href":"https:\/\/zoomproducciones.com.ar\/zoomp\/wp-json\/wp\/v2\/categories?post=16581"},{"taxonomy":"post_tag","embeddable":true,"href":"https:\/\/zoomproducciones.com.ar\/zoomp\/wp-json\/wp\/v2\/tags?post=16581"}],"curies":[{"name":"wp","href":"https:\/\/api.w.org\/{rel}","templated":true}]}}