{"id":16575,"date":"2024-06-19T08:13:24","date_gmt":"2024-06-19T11:13:24","guid":{"rendered":"http:\/\/zoomproducciones.com.ar\/zoomp\/?p=16575"},"modified":"2024-06-19T08:13:25","modified_gmt":"2024-06-19T11:13:25","slug":"milei-califica-a-los-detenidos-por-los-incidentes-en-el-congreso-como-delincuentes","status":"publish","type":"post","link":"https:\/\/zoomproducciones.com.ar\/zoomp\/milei-califica-a-los-detenidos-por-los-incidentes-en-el-congreso-como-delincuentes\/","title":{"rendered":"Milei califica a los detenidos por los incidentes en el Congreso como \u00abdelincuentes\u00bb"},"content":{"rendered":"\n<p>El presidente Javier Milei se pronunci\u00f3 este martes sobre los incidentes en el Congreso, asegurando que los detenidos por los mismos <strong>no son \u00abpresos pol\u00edticos\u00bb sino \u00abdelincuentes\u00bb que deben permanecer \u00abtodos encerrados\u00bb.<\/strong> Milei justific\u00f3 su postura al considerar que la violencia no tiene \u00bbcabida\u00bb en la sociedad, independientemente del motivo de la protesta.<\/p>\n\n\n\n<p>\u00ab<strong>Nosotros estamos a favor de que la gente se manifieste, pero eso no quiere decir que tienen que estar rompiendo la ciudad o la plaza<\/strong> y vandalizando negocios. Violencia no: <strong>dentro de la ley todo, fuera de la ley nada\u00bb<\/strong>, afirm\u00f3 en declaraciones a TN.<\/p>\n\n\n\n<p>En un tono m\u00e1s duro, Milei critic\u00f3 a Estela de Carlotto, titular de Abuelas de Plaza de Mayo, a quien acus\u00f3 de <strong>\u00aba\u00f1orar el pasado sangriento de la Argentina\u00bb.<\/strong><\/p>\n\n\n\n<p>Estas declaraciones se producen en medio de la pol\u00e9mica por la <strong>liberaci\u00f3n de 28 detenidos por los incidentes en el Congreso, <\/strong>una decisi\u00f3n que gener\u00f3 controversia y tensiones con el fiscal federal Carlos Stornelli, quien solicit\u00f3 la restituci\u00f3n de 14 de ellos a prisi\u00f3n. <strong>Stornelli acus\u00f3 a los detenidos de atentar contra la democracia.<\/strong><\/p>\n\n\n\n<p>La jueza federal <strong>Mar\u00eda Servini, quien orden\u00f3 las liberaciones, enfrenta ahora una presi\u00f3n creciente<\/strong> por parte del Gobierno, que busca responsabilizar a los manifestantes por los hechos de violencia. La situaci\u00f3n genera preocupaci\u00f3n sobre la independencia judicial y la libertad de expresi\u00f3n en el pa\u00eds.<\/p>\n","protected":false},"excerpt":{"rendered":"<p>El presidente Javier Milei se pronunci\u00f3 este martes sobre los incidentes en el Congreso, asegurando que los detenidos por los mismos no son \u00abpresos pol\u00edticos\u00bb sino \u00abdelincuentes\u00bb que deben permanecer \u00abtodos encerrados\u00bb. Milei justific\u00f3 su postura al considerar que la violencia no tiene \u00bbcabida\u00bb en la sociedad, independientemente del motivo de la protesta. \u00abNosotros estamos [&hellip;]<\/p>\n","protected":false},"author":2,"featured_media":16576,"comment_status":"closed","ping_status":"open","sticky":false,"template":"","format":"standard","meta":{"footnotes":""},"categories":[8],"tags":[118,511],"class_list":{"0":"post-16575","1":"post","2":"type-post","3":"status-publish","4":"format-standard","5":"has-post-thumbnail","7":"category-nacionales","8":"tag-argentina","9":"tag-bloque-2"},"_links":{"self":[{"href":"https:\/\/zoomproducciones.com.ar\/zoomp\/wp-json\/wp\/v2\/posts\/16575","targetHints":{"allow":["GET"]}}],"collection":[{"href":"https:\/\/zoomproducciones.com.ar\/zoomp\/wp-json\/wp\/v2\/posts"}],"about":[{"href":"https:\/\/zoomproducciones.com.ar\/zoomp\/wp-json\/wp\/v2\/types\/post"}],"author":[{"embeddable":true,"href":"https:\/\/zoomproducciones.com.ar\/zoomp\/wp-json\/wp\/v2\/users\/2"}],"replies":[{"embeddable":true,"href":"https:\/\/zoomproducciones.com.ar\/zoomp\/wp-json\/wp\/v2\/comments?post=16575"}],"version-history":[{"count":1,"href":"https:\/\/zoomproducciones.com.ar\/zoomp\/wp-json\/wp\/v2\/posts\/16575\/revisions"}],"predecessor-version":[{"id":16577,"href":"https:\/\/zoomproducciones.com.ar\/zoomp\/wp-json\/wp\/v2\/posts\/16575\/revisions\/16577"}],"wp:featuredmedia":[{"embeddable":true,"href":"https:\/\/zoomproducciones.com.ar\/zoomp\/wp-json\/wp\/v2\/media\/16576"}],"wp:attachment":[{"href":"https:\/\/zoomproducciones.com.ar\/zoomp\/wp-json\/wp\/v2\/media?parent=16575"}],"wp:term":[{"taxonomy":"category","embeddable":true,"href":"https:\/\/zoomproducciones.com.ar\/zoomp\/wp-json\/wp\/v2\/categories?post=16575"},{"taxonomy":"post_tag","embeddable":true,"href":"https:\/\/zoomproducciones.com.ar\/zoomp\/wp-json\/wp\/v2\/tags?post=16575"}],"curies":[{"name":"wp","href":"https:\/\/api.w.org\/{rel}","templated":true}]}}