{"id":16574,"date":"2024-06-19T08:13:39","date_gmt":"2024-06-19T11:13:39","guid":{"rendered":"http:\/\/zoomproducciones.com.ar\/zoomp\/?p=16574"},"modified":"2024-06-19T08:34:21","modified_gmt":"2024-06-19T11:34:21","slug":"milei-reafirma-apoyo-a-mondino-confirma-llegada-de-sturzenegger-y-defiende-a-caputo","status":"publish","type":"post","link":"https:\/\/zoomproducciones.com.ar\/zoomp\/milei-reafirma-apoyo-a-mondino-confirma-llegada-de-sturzenegger-y-defiende-a-caputo\/","title":{"rendered":"Milei reafirma apoyo a Mondino, confirma llegada de Sturzenegger y defiende a Caputo"},"content":{"rendered":"\n<p>El presidente Javier Milei <strong>ratific\u00f3 la continuidad de la canciller Diana Mondino<\/strong> en su Gabinete, desmintiendo rumores sobre su posible salida. Tambi\u00e9n confirm\u00f3 el desembarco de F<strong>ederico Sturzenegger como ministro,<\/strong> aunque no precis\u00f3 la cartera que ocupar\u00e1. Adem\u00e1s,<strong> defendi\u00f3 con vehemencia al ministro de Econom\u00eda, Luis Caputo, <\/strong>asegurando que \u00abnadie le va a tocar el culo\u00bb.<\/p>\n\n\n\n<p>En una entrevista con TN, Milei tambi\u00e9n se refiri\u00f3 a las pr\u00f3ximas elecciones legislativas y <strong>se\u00f1al\u00f3 que el diputado Jos\u00e9 Luis Espert y su vocero, Manuel Adorni, podr\u00edan integrar las listas del oficialismo. <\/strong>Elogi\u00f3 a ambos, destacando la capacidad de Adorni como vocero y la experiencia de Espert como candidato potencial para la provincia de Buenos Aires.<\/p>\n\n\n\n<p><strong>El mandatario se mostr\u00f3 confiado en el futuro de su gobierno,<\/strong> asegurando que si contin\u00faa \u00abhaciendo las cosas bien\u00bb, <strong>el kirchnerismo \u00abno vuelve m\u00e1s\u00bb<\/strong>. Milei tambi\u00e9n se atrevi\u00f3 a pronosticar que si las elecciones fueran hoy,<strong> La Libertad Avanza obtendr\u00eda el 50% de los votos.<\/strong><\/p>\n\n\n\n<p>La defensa de Caputo por parte de Milei, con su particular lenguaje, evidencia la confianza que le tiene al ministro de Econom\u00eda. El presidente tambi\u00e9n aprovech\u00f3 la oportunidad para <strong>destacar la capacidad de Sturzenegger como economista, quien estar\u00e1 a cargo de la \u00abdesregulaci\u00f3n\u00bb<\/strong>.<\/p>\n\n\n\n<p><\/p>\n","protected":false},"excerpt":{"rendered":"<p>El presidente Javier Milei ratific\u00f3 la continuidad de la canciller Diana Mondino en su Gabinete, desmintiendo rumores sobre su posible salida. Tambi\u00e9n confirm\u00f3 el desembarco de Federico Sturzenegger como ministro, aunque no precis\u00f3 la cartera que ocupar\u00e1. Adem\u00e1s, defendi\u00f3 con vehemencia al ministro de Econom\u00eda, Luis Caputo, asegurando que \u00abnadie le va a tocar el [&hellip;]<\/p>\n","protected":false},"author":2,"featured_media":12525,"comment_status":"closed","ping_status":"open","sticky":false,"template":"","format":"standard","meta":{"footnotes":""},"categories":[8],"tags":[118,511],"class_list":{"0":"post-16574","1":"post","2":"type-post","3":"status-publish","4":"format-standard","5":"has-post-thumbnail","7":"category-nacionales","8":"tag-argentina","9":"tag-bloque-2"},"_links":{"self":[{"href":"https:\/\/zoomproducciones.com.ar\/zoomp\/wp-json\/wp\/v2\/posts\/16574","targetHints":{"allow":["GET"]}}],"collection":[{"href":"https:\/\/zoomproducciones.com.ar\/zoomp\/wp-json\/wp\/v2\/posts"}],"about":[{"href":"https:\/\/zoomproducciones.com.ar\/zoomp\/wp-json\/wp\/v2\/types\/post"}],"author":[{"embeddable":true,"href":"https:\/\/zoomproducciones.com.ar\/zoomp\/wp-json\/wp\/v2\/users\/2"}],"replies":[{"embeddable":true,"href":"https:\/\/zoomproducciones.com.ar\/zoomp\/wp-json\/wp\/v2\/comments?post=16574"}],"version-history":[{"count":2,"href":"https:\/\/zoomproducciones.com.ar\/zoomp\/wp-json\/wp\/v2\/posts\/16574\/revisions"}],"predecessor-version":[{"id":16591,"href":"https:\/\/zoomproducciones.com.ar\/zoomp\/wp-json\/wp\/v2\/posts\/16574\/revisions\/16591"}],"wp:featuredmedia":[{"embeddable":true,"href":"https:\/\/zoomproducciones.com.ar\/zoomp\/wp-json\/wp\/v2\/media\/12525"}],"wp:attachment":[{"href":"https:\/\/zoomproducciones.com.ar\/zoomp\/wp-json\/wp\/v2\/media?parent=16574"}],"wp:term":[{"taxonomy":"category","embeddable":true,"href":"https:\/\/zoomproducciones.com.ar\/zoomp\/wp-json\/wp\/v2\/categories?post=16574"},{"taxonomy":"post_tag","embeddable":true,"href":"https:\/\/zoomproducciones.com.ar\/zoomp\/wp-json\/wp\/v2\/tags?post=16574"}],"curies":[{"name":"wp","href":"https:\/\/api.w.org\/{rel}","templated":true}]}}