{"id":16564,"date":"2024-06-19T07:55:29","date_gmt":"2024-06-19T10:55:29","guid":{"rendered":"http:\/\/zoomproducciones.com.ar\/zoomp\/?p=16564"},"modified":"2024-06-19T07:55:29","modified_gmt":"2024-06-19T10:55:29","slug":"milei-reconocio-que-no-habra-desinflacion-ni-deficit-cero-en-julio-y-responsabilizo-al-congreso-por-ello","status":"publish","type":"post","link":"https:\/\/zoomproducciones.com.ar\/zoomp\/milei-reconocio-que-no-habra-desinflacion-ni-deficit-cero-en-julio-y-responsabilizo-al-congreso-por-ello\/","title":{"rendered":"Milei reconoci\u00f3 que no habr\u00e1 desinflaci\u00f3n ni d\u00e9ficit cero en julio y responsabiliz\u00f3 al Congreso por ello"},"content":{"rendered":"\n<p>El presidente Javier Milei reconoci\u00f3 hoy que la inflaci\u00f3n en junio experimentar\u00e1<strong> \u00abuna pausa en su descenso\u00bb, <\/strong>y <strong>descart\u00f3 la posibilidad de lograr un d\u00e9ficit cero <\/strong>en el mismo mes. Atribuy\u00f3 la suba del \u00edndice de precios a los <strong>retrasos en la aprobaci\u00f3n de la Ley de Bases <\/strong>en el Congreso, argumentando que el aumento se debe a<strong> \u00abpagar lo que los pol\u00edticos hicieron en las C\u00e1maras\u00bb.<\/strong><\/p>\n\n\n\n<p>En declaraciones a TN, <strong>Milei defendi\u00f3 el rumbo de su gobierno en los primeros seis meses,<\/strong> asegurando que su imagen y las expectativas de los argentinos han mejorado desde que asumi\u00f3. Sin embargo, <strong>admiti\u00f3 que la situaci\u00f3n econ\u00f3mica del pa\u00eds sigue siendo cr\u00edtica<\/strong>: \u00abEstamos mal\u00bb, afirm\u00f3.<\/p>\n\n\n\n<p>La admisi\u00f3n de una pausa en la desinflaci\u00f3n y el descarte del d\u00e9ficit cero en junio ponen de manifiesto los desaf\u00edos que enfrenta el gobierno de Milei en el combate contra la inflaci\u00f3n. La decisi\u00f3n del presidente de responsabilizar al Congreso por la suba de precios g<strong>enera controversia y tensiona la relaci\u00f3n entre el Poder Ejecutivo y el Legislativo.<\/strong><\/p>\n","protected":false},"excerpt":{"rendered":"<p>El presidente Javier Milei reconoci\u00f3 hoy que la inflaci\u00f3n en junio experimentar\u00e1 \u00abuna pausa en su descenso\u00bb, y descart\u00f3 la posibilidad de lograr un d\u00e9ficit cero en el mismo mes. Atribuy\u00f3 la suba del \u00edndice de precios a los retrasos en la aprobaci\u00f3n de la Ley de Bases en el Congreso, argumentando que el aumento [&hellip;]<\/p>\n","protected":false},"author":2,"featured_media":16565,"comment_status":"closed","ping_status":"open","sticky":false,"template":"","format":"standard","meta":{"footnotes":""},"categories":[8],"tags":[118,42],"class_list":{"0":"post-16564","1":"post","2":"type-post","3":"status-publish","4":"format-standard","5":"has-post-thumbnail","7":"category-nacionales","8":"tag-argentina","9":"tag-featured"},"_links":{"self":[{"href":"https:\/\/zoomproducciones.com.ar\/zoomp\/wp-json\/wp\/v2\/posts\/16564","targetHints":{"allow":["GET"]}}],"collection":[{"href":"https:\/\/zoomproducciones.com.ar\/zoomp\/wp-json\/wp\/v2\/posts"}],"about":[{"href":"https:\/\/zoomproducciones.com.ar\/zoomp\/wp-json\/wp\/v2\/types\/post"}],"author":[{"embeddable":true,"href":"https:\/\/zoomproducciones.com.ar\/zoomp\/wp-json\/wp\/v2\/users\/2"}],"replies":[{"embeddable":true,"href":"https:\/\/zoomproducciones.com.ar\/zoomp\/wp-json\/wp\/v2\/comments?post=16564"}],"version-history":[{"count":1,"href":"https:\/\/zoomproducciones.com.ar\/zoomp\/wp-json\/wp\/v2\/posts\/16564\/revisions"}],"predecessor-version":[{"id":16567,"href":"https:\/\/zoomproducciones.com.ar\/zoomp\/wp-json\/wp\/v2\/posts\/16564\/revisions\/16567"}],"wp:featuredmedia":[{"embeddable":true,"href":"https:\/\/zoomproducciones.com.ar\/zoomp\/wp-json\/wp\/v2\/media\/16565"}],"wp:attachment":[{"href":"https:\/\/zoomproducciones.com.ar\/zoomp\/wp-json\/wp\/v2\/media?parent=16564"}],"wp:term":[{"taxonomy":"category","embeddable":true,"href":"https:\/\/zoomproducciones.com.ar\/zoomp\/wp-json\/wp\/v2\/categories?post=16564"},{"taxonomy":"post_tag","embeddable":true,"href":"https:\/\/zoomproducciones.com.ar\/zoomp\/wp-json\/wp\/v2\/tags?post=16564"}],"curies":[{"name":"wp","href":"https:\/\/api.w.org\/{rel}","templated":true}]}}