{"id":16562,"date":"2024-06-19T07:55:27","date_gmt":"2024-06-19T10:55:27","guid":{"rendered":"http:\/\/zoomproducciones.com.ar\/zoomp\/?p=16562"},"modified":"2024-06-19T07:55:27","modified_gmt":"2024-06-19T10:55:27","slug":"alperovich-condenado-a-16-anos-de-prision-por-abuso-sexual-fuerte-operativo-policial-y-traslado-inmediato-a-penal-federal","status":"publish","type":"post","link":"https:\/\/zoomproducciones.com.ar\/zoomp\/alperovich-condenado-a-16-anos-de-prision-por-abuso-sexual-fuerte-operativo-policial-y-traslado-inmediato-a-penal-federal\/","title":{"rendered":"Alperovich condenado a 16 A\u00f1os de prisi\u00f3n por abuso sexual: fuerte operativo policial y traslado inmediato a Penal Federal"},"content":{"rendered":"\n<p>El ex gobernador de Tucum\u00e1n, J<strong>os\u00e9 Alperovich, fue condenado esta noche a 16 a\u00f1os de prisi\u00f3n<\/strong> e inhabilitaci\u00f3n para ejercer cargos p\u00fablicos por <strong>9 hechos de abuso sexual contra su sobrina y ex asesora entre 2017 y 2018. <\/strong>El juez Alejo Ramos Padilla, en medio de un fuerte operativo policial, dict\u00f3 el veredicto en perjuicio del ex mandatario, acusado de tres tentativas de violaci\u00f3n y seis agravadas por acceso carnal.<\/p>\n\n\n\n<p>Tras conocerse el fallo,<strong> Alperovich fue trasladado inmediatamente a un penal federal<\/strong> por decisi\u00f3n del magistrado. La vocera de la denunciante, Milagro Mariona, calific\u00f3 la sentencia como<strong> \u00abun mensaje muy importante en contra de la impunidad\u00bb.<\/strong><\/p>\n\n\n\n<p>La condena se produjo despu\u00e9s de un juicio oral que se extendi\u00f3 por varias semanas. <strong>La denuncia original se present\u00f3 en noviembre de 2019, <\/strong>acusando a Alperovich de abusos ocurridos tanto en la Ciudad de Buenos Aires como en Tucum\u00e1n. La defensa del ex gobernador intent\u00f3 descalificar a la v\u00edctima y <strong>comparar los hechos con el caso de Juan Darth\u00e9s, <\/strong>alegando que se utilizaron \u00ablas mismas frases\u00bb en la acusaci\u00f3n.<\/p>\n\n\n\n<p>Alperovich esper\u00f3 la lectura del veredicto en los Tribunales de la calle Paraguay<strong> junto a sus cuatro hijos. <\/strong>Durante la audiencia, <strong>su esposa y la v\u00edctima siguieron el fallo a trav\u00e9s de videoconferencia<\/strong>.<\/p>\n\n\n\n<p>Imagen: NA. <\/p>\n","protected":false},"excerpt":{"rendered":"<p>El ex gobernador de Tucum\u00e1n, Jos\u00e9 Alperovich, fue condenado esta noche a 16 a\u00f1os de prisi\u00f3n e inhabilitaci\u00f3n para ejercer cargos p\u00fablicos por 9 hechos de abuso sexual contra su sobrina y ex asesora entre 2017 y 2018. El juez Alejo Ramos Padilla, en medio de un fuerte operativo policial, dict\u00f3 el veredicto en perjuicio [&hellip;]<\/p>\n","protected":false},"author":2,"featured_media":16563,"comment_status":"closed","ping_status":"open","sticky":false,"template":"","format":"standard","meta":{"footnotes":""},"categories":[8],"tags":[118,42],"class_list":{"0":"post-16562","1":"post","2":"type-post","3":"status-publish","4":"format-standard","5":"has-post-thumbnail","7":"category-nacionales","8":"tag-argentina","9":"tag-featured"},"_links":{"self":[{"href":"https:\/\/zoomproducciones.com.ar\/zoomp\/wp-json\/wp\/v2\/posts\/16562","targetHints":{"allow":["GET"]}}],"collection":[{"href":"https:\/\/zoomproducciones.com.ar\/zoomp\/wp-json\/wp\/v2\/posts"}],"about":[{"href":"https:\/\/zoomproducciones.com.ar\/zoomp\/wp-json\/wp\/v2\/types\/post"}],"author":[{"embeddable":true,"href":"https:\/\/zoomproducciones.com.ar\/zoomp\/wp-json\/wp\/v2\/users\/2"}],"replies":[{"embeddable":true,"href":"https:\/\/zoomproducciones.com.ar\/zoomp\/wp-json\/wp\/v2\/comments?post=16562"}],"version-history":[{"count":1,"href":"https:\/\/zoomproducciones.com.ar\/zoomp\/wp-json\/wp\/v2\/posts\/16562\/revisions"}],"predecessor-version":[{"id":16566,"href":"https:\/\/zoomproducciones.com.ar\/zoomp\/wp-json\/wp\/v2\/posts\/16562\/revisions\/16566"}],"wp:featuredmedia":[{"embeddable":true,"href":"https:\/\/zoomproducciones.com.ar\/zoomp\/wp-json\/wp\/v2\/media\/16563"}],"wp:attachment":[{"href":"https:\/\/zoomproducciones.com.ar\/zoomp\/wp-json\/wp\/v2\/media?parent=16562"}],"wp:term":[{"taxonomy":"category","embeddable":true,"href":"https:\/\/zoomproducciones.com.ar\/zoomp\/wp-json\/wp\/v2\/categories?post=16562"},{"taxonomy":"post_tag","embeddable":true,"href":"https:\/\/zoomproducciones.com.ar\/zoomp\/wp-json\/wp\/v2\/tags?post=16562"}],"curies":[{"name":"wp","href":"https:\/\/api.w.org\/{rel}","templated":true}]}}