{"id":16560,"date":"2024-06-19T07:55:31","date_gmt":"2024-06-19T10:55:31","guid":{"rendered":"http:\/\/zoomproducciones.com.ar\/zoomp\/?p=16560"},"modified":"2024-07-01T07:12:41","modified_gmt":"2024-07-01T10:12:41","slug":"busqueda-de-loan-se-amplia-el-operativo-con-efectivos-de-salta-y-mendoza","status":"publish","type":"post","link":"https:\/\/zoomproducciones.com.ar\/zoomp\/busqueda-de-loan-se-amplia-el-operativo-con-efectivos-de-salta-y-mendoza\/","title":{"rendered":"B\u00fasqueda de Loan: se ampl\u00eda el operativo con efectivos de Salta y Mendoza"},"content":{"rendered":"\n<p>La b\u00fasqueda de Loan Danilo Pe\u00f1a, el ni\u00f1o de cinco a\u00f1os desaparecido en Corrientes, <strong>contin\u00faa este mi\u00e9rcoles con un escenario de misterio e incertidumbre<\/strong>, mientras las autoridades ampl\u00edan el rango de rastrillajes con la <strong>incorporaci\u00f3n de efectivos de Salta y Mendoza,<\/strong> junto con dos expertos en b\u00fasqueda.<\/p>\n\n\n\n<p><strong>El sexto d\u00eda de la b\u00fasqueda se torna crucial para encontrar al meno<\/strong>r, con la esperanza puesta en la colaboraci\u00f3n de las nuevas fuerzas y los especialistas.<\/p>\n\n\n\n<p>Paralelamente, la investigaci\u00f3n avanza con la prisi\u00f3n preventiva dictada por el juez de garant\u00edas Lucio L\u00f3pez Lecube para<strong> Bernardino Antonio Ben\u00edtez, t\u00edo de Loan, y la pareja formada por Daniel Ram\u00edrez y M\u00f3nica del Carmen Millapi.<\/strong> El juez considera a los <strong>tres culpables del delito de abandono de persona<\/strong>, por ser garantes del cuidado del ni\u00f1o.<\/p>\n\n\n\n<p>En medio de la intensa b\u00fasqueda este martes, <strong>se encontr\u00f3 una media con manchas de sangre en un \u00e1rea densamente arbolada.<\/strong> Los investigadores <strong>analizar\u00e1n si la prenda pertenece a Loan<\/strong>, un hallazgo que intensifica el misterio. <strong>El hallazgo fue realizado por \u00abKiara\u00bb<\/strong>, la perra del equipo de b\u00fasqueda.<\/p>\n\n\n\n<p>Adem\u00e1s, se viraliz\u00f3 la \u00faltima foto del menor antes de su desaparici\u00f3n, tomada durante la hora del almuerzo del jueves pasado, donde se observa a Loan sentado en el medio de la mesa con la camiseta del Inter Miami, mientras su padre lo ayuda a cortar la comida.<\/p>\n\n\n\n<figure class=\"wp-block-image size-large\"><a href=\"http:\/\/zoomproducciones.com.ar\/zoomp\/wp-content\/uploads\/2024\/06\/image-102.png\"><img loading=\"lazy\" decoding=\"async\" width=\"1024\" height=\"576\" src=\"http:\/\/zoomproducciones.com.ar\/zoomp\/wp-content\/uploads\/2024\/06\/image-102-1024x576.png\" alt=\"\" class=\"wp-image-16561\" srcset=\"https:\/\/zoomproducciones.com.ar\/zoomp\/wp-content\/uploads\/2024\/06\/image-102-1024x576.png 1024w, https:\/\/zoomproducciones.com.ar\/zoomp\/wp-content\/uploads\/2024\/06\/image-102-300x169.png 300w, https:\/\/zoomproducciones.com.ar\/zoomp\/wp-content\/uploads\/2024\/06\/image-102-768x432.png 768w, https:\/\/zoomproducciones.com.ar\/zoomp\/wp-content\/uploads\/2024\/06\/image-102.png 1280w\" sizes=\"auto, (max-width: 1024px) 100vw, 1024px\" \/><\/a><\/figure>\n\n\n\n<p>La familia y la comunidad de Corrientes mantienen la esperanza de encontrar a Loan con vida, mientras las autoridades intensifican la b\u00fasqueda con la incorporaci\u00f3n de nuevos recursos y la investigaci\u00f3n contin\u00faa su curso.<\/p>\n\n\n\n<p>Nota escrita con datos de Noticias Argentinas y TN. <\/p>\n","protected":false},"excerpt":{"rendered":"<p>La b\u00fasqueda de Loan Danilo Pe\u00f1a, el ni\u00f1o de cinco a\u00f1os desaparecido en Corrientes, contin\u00faa este mi\u00e9rcoles con un escenario de misterio e incertidumbre, mientras las autoridades ampl\u00edan el rango de rastrillajes con la incorporaci\u00f3n de efectivos de Salta y Mendoza, junto con dos expertos en b\u00fasqueda. El sexto d\u00eda de la b\u00fasqueda se torna [&hellip;]<\/p>\n","protected":false},"author":2,"featured_media":16481,"comment_status":"closed","ping_status":"open","sticky":false,"template":"","format":"standard","meta":{"footnotes":""},"categories":[533,3],"tags":[125,42],"class_list":{"0":"post-16560","1":"post","2":"type-post","3":"status-publish","4":"format-standard","5":"has-post-thumbnail","7":"category-caso-loan","8":"category-provinciales","9":"tag-corrientes","10":"tag-featured"},"_links":{"self":[{"href":"https:\/\/zoomproducciones.com.ar\/zoomp\/wp-json\/wp\/v2\/posts\/16560","targetHints":{"allow":["GET"]}}],"collection":[{"href":"https:\/\/zoomproducciones.com.ar\/zoomp\/wp-json\/wp\/v2\/posts"}],"about":[{"href":"https:\/\/zoomproducciones.com.ar\/zoomp\/wp-json\/wp\/v2\/types\/post"}],"author":[{"embeddable":true,"href":"https:\/\/zoomproducciones.com.ar\/zoomp\/wp-json\/wp\/v2\/users\/2"}],"replies":[{"embeddable":true,"href":"https:\/\/zoomproducciones.com.ar\/zoomp\/wp-json\/wp\/v2\/comments?post=16560"}],"version-history":[{"count":1,"href":"https:\/\/zoomproducciones.com.ar\/zoomp\/wp-json\/wp\/v2\/posts\/16560\/revisions"}],"predecessor-version":[{"id":16568,"href":"https:\/\/zoomproducciones.com.ar\/zoomp\/wp-json\/wp\/v2\/posts\/16560\/revisions\/16568"}],"wp:featuredmedia":[{"embeddable":true,"href":"https:\/\/zoomproducciones.com.ar\/zoomp\/wp-json\/wp\/v2\/media\/16481"}],"wp:attachment":[{"href":"https:\/\/zoomproducciones.com.ar\/zoomp\/wp-json\/wp\/v2\/media?parent=16560"}],"wp:term":[{"taxonomy":"category","embeddable":true,"href":"https:\/\/zoomproducciones.com.ar\/zoomp\/wp-json\/wp\/v2\/categories?post=16560"},{"taxonomy":"post_tag","embeddable":true,"href":"https:\/\/zoomproducciones.com.ar\/zoomp\/wp-json\/wp\/v2\/tags?post=16560"}],"curies":[{"name":"wp","href":"https:\/\/api.w.org\/{rel}","templated":true}]}}