{"id":16554,"date":"2024-06-19T08:23:53","date_gmt":"2024-06-19T11:23:53","guid":{"rendered":"http:\/\/zoomproducciones.com.ar\/zoomp\/?p=16554"},"modified":"2024-06-19T08:24:33","modified_gmt":"2024-06-19T11:24:33","slug":"el-gobierno-cierra-oficinas-migratorias-en-paso-de-los-libres-san-rafael-y-el-calafate","status":"publish","type":"post","link":"https:\/\/zoomproducciones.com.ar\/zoomp\/el-gobierno-cierra-oficinas-migratorias-en-paso-de-los-libres-san-rafael-y-el-calafate\/","title":{"rendered":"El Gobierno cierra la oficina de Control de Migraci\u00f3n y Permanencia en Paso de los Libres"},"content":{"rendered":"\n<p>El Gobierno ha decidido cerrar tres oficinas migratorias en el pa\u00eds, ubicadas en Paso de Los Libres, San Rafael y El Calafate, tras una revisi\u00f3n exhaustiva de todas las sedes de la Direcci\u00f3n Nacional de Migraciones. Esta medida se oficializ\u00f3 mediante la disposici\u00f3n 1627, publicada este martes en el Bolet\u00edn Oficial.<\/p>\n\n\n\n<p>Seg\u00fan lo confirm\u00f3 el Coordinador del Centro Fronterizo, Alberto Yard\u00edn, lo que se cierra puntualmente en Paso de los Libres es la oficina de control de migraci\u00f3n y permanencia, la cual era la encargada de los tramites para los residentes precarios y definitivos.<\/p>\n\n\n\n<p>El an\u00e1lisis realizado por el Ejecutivo se bas\u00f3 en \u00abla demanda de tr\u00e1mites en cada una de las oficinas, la cantidad de personal en funciones y la representaci\u00f3n institucional del organismo en cada provincia\u00bb.<\/p>\n\n\n\n<p>Los resultados de este an\u00e1lisis indicaron que las oficinas de Paso de Los Libres, San Rafael y El Calafate registraban \u00abun escaso n\u00famero de tr\u00e1mites\u00bb. Por lo tanto, las delegaciones de Corrientes, Mendoza y R\u00edo Gallegos asumir\u00e1n \u00abla demanda, la reubicaci\u00f3n del personal y del patrimonio\u00bb de dichas oficinas.<\/p>\n\n\n\n<p>El cierre de estas oficinas no significar\u00e1 la ausencia de representaci\u00f3n de la Direcci\u00f3n Nacional de Migraciones en esas provincias, ni dificultar\u00e1 el acceso a la regularizaci\u00f3n migratoria.<\/p>\n\n\n\n<p>De acuerdo con la disposici\u00f3n 1627, el Gobierno autoriz\u00f3 a las delegaciones de Corrientes, Mendoza y R\u00edo Gallegos a asumir las funciones y gestionar las tramitaciones pendientes de las tres oficinas migratorias cerradas.<\/p>\n\n\n\n<p>\u00abEncomi\u00e9ndese a la Direcci\u00f3n de Delegaciones de la Direcci\u00f3n Nacional de Migraciones a arbitrar los medios necesarios para reasignar el patrimonio y el personal dependiente de las oficinas migratorias de Paso de Los Libres, San Rafael y El Calafate\u00bb, establece la normativa.<\/p>\n\n\n\n<p>Con datos de Radio 2.<\/p>\n","protected":false},"excerpt":{"rendered":"<p>El Gobierno ha decidido cerrar tres oficinas migratorias en el pa\u00eds, ubicadas en Paso de Los Libres, San Rafael y El Calafate, tras una revisi\u00f3n exhaustiva de todas las sedes de la Direcci\u00f3n Nacional de Migraciones. Esta medida se oficializ\u00f3 mediante la disposici\u00f3n 1627, publicada este martes en el Bolet\u00edn Oficial. Seg\u00fan lo confirm\u00f3 el [&hellip;]<\/p>\n","protected":false},"author":2,"featured_media":16555,"comment_status":"closed","ping_status":"open","sticky":false,"template":"","format":"standard","meta":{"footnotes":""},"categories":[8],"tags":[511,116],"class_list":{"0":"post-16554","1":"post","2":"type-post","3":"status-publish","4":"format-standard","5":"has-post-thumbnail","7":"category-nacionales","8":"tag-bloque-2","9":"tag-paso-de-los-libres"},"_links":{"self":[{"href":"https:\/\/zoomproducciones.com.ar\/zoomp\/wp-json\/wp\/v2\/posts\/16554","targetHints":{"allow":["GET"]}}],"collection":[{"href":"https:\/\/zoomproducciones.com.ar\/zoomp\/wp-json\/wp\/v2\/posts"}],"about":[{"href":"https:\/\/zoomproducciones.com.ar\/zoomp\/wp-json\/wp\/v2\/types\/post"}],"author":[{"embeddable":true,"href":"https:\/\/zoomproducciones.com.ar\/zoomp\/wp-json\/wp\/v2\/users\/2"}],"replies":[{"embeddable":true,"href":"https:\/\/zoomproducciones.com.ar\/zoomp\/wp-json\/wp\/v2\/comments?post=16554"}],"version-history":[{"count":4,"href":"https:\/\/zoomproducciones.com.ar\/zoomp\/wp-json\/wp\/v2\/posts\/16554\/revisions"}],"predecessor-version":[{"id":16588,"href":"https:\/\/zoomproducciones.com.ar\/zoomp\/wp-json\/wp\/v2\/posts\/16554\/revisions\/16588"}],"wp:featuredmedia":[{"embeddable":true,"href":"https:\/\/zoomproducciones.com.ar\/zoomp\/wp-json\/wp\/v2\/media\/16555"}],"wp:attachment":[{"href":"https:\/\/zoomproducciones.com.ar\/zoomp\/wp-json\/wp\/v2\/media?parent=16554"}],"wp:term":[{"taxonomy":"category","embeddable":true,"href":"https:\/\/zoomproducciones.com.ar\/zoomp\/wp-json\/wp\/v2\/categories?post=16554"},{"taxonomy":"post_tag","embeddable":true,"href":"https:\/\/zoomproducciones.com.ar\/zoomp\/wp-json\/wp\/v2\/tags?post=16554"}],"curies":[{"name":"wp","href":"https:\/\/api.w.org\/{rel}","templated":true}]}}