{"id":16541,"date":"2024-06-18T08:34:53","date_gmt":"2024-06-18T11:34:53","guid":{"rendered":"http:\/\/zoomproducciones.com.ar\/zoomp\/?p=16541"},"modified":"2024-06-18T08:34:53","modified_gmt":"2024-06-18T11:34:53","slug":"tragedia-en-corrientes-muerte-de-policia-tras-accidente-genera-investigacion-sobre-su-atencion-medica","status":"publish","type":"post","link":"https:\/\/zoomproducciones.com.ar\/zoomp\/tragedia-en-corrientes-muerte-de-policia-tras-accidente-genera-investigacion-sobre-su-atencion-medica\/","title":{"rendered":"Tragedia en Corrientes: muerte de polic\u00eda tras accidente genera investigaci\u00f3n sobre su atenci\u00f3n m\u00e9dica\u00a0"},"content":{"rendered":"\n<p>Un oficial ayudante de la Polic\u00eda de Corrientes, Jorge Omar G\u00f3mez, falleci\u00f3 este lunes tras un accidente en moto ocurrido el domingo a la madrugada.<\/p>\n\n\n\n<p><strong>G\u00f3mez sufri\u00f3 un siniestro vial alrededor de las 5:30 de la ma\u00f1ana del domingo<\/strong> en la esquina de Leloir y avenida Paysand\u00fa, en la ciudad de Corrientes. Tras recibir atenci\u00f3n m\u00e9dica en el Hospital Escuela, <strong>fue dado de alta con un yeso en el brazo por una fractura.<\/strong><\/p>\n\n\n\n<p>Sin embargo, horas despu\u00e9s de ser dado de alta,<strong> G\u00f3mez comenz\u00f3 a desmejorar y fue trasladado nuevamente al centro de salud.<\/strong> Seg\u00fan fuentes cercanas al efectivo,<strong> la muerte del oficial se debi\u00f3 a una posible falla en el diagn\u00f3stico inicial,<\/strong> ya que no se habr\u00eda detectado a tiempo un da\u00f1o en el bazo que sufri\u00f3 en el accidente.<\/p>\n\n\n\n<p>G\u00f3mez prestaba servicios en la localidad de San Luis del Palmar para la Divisi\u00f3n Seguridad Vial. Su muerte ha causado conmoci\u00f3n en la fuerza policial y la comunidad correntina.<\/p>\n\n\n\n<p>Las autoridades <strong>han iniciado una investigaci\u00f3n para determinar las causas exactas de la muerte del oficial G\u00f3mez<\/strong> y si existi\u00f3 alg\u00fan error m\u00e9dico en la atenci\u00f3n inicial que recibi\u00f3 en el Hospital Escuela.<\/p>\n\n\n\n<p>Con datos del Litoral.<\/p>\n","protected":false},"excerpt":{"rendered":"<p>Un oficial ayudante de la Polic\u00eda de Corrientes, Jorge Omar G\u00f3mez, falleci\u00f3 este lunes tras un accidente en moto ocurrido el domingo a la madrugada. G\u00f3mez sufri\u00f3 un siniestro vial alrededor de las 5:30 de la ma\u00f1ana del domingo en la esquina de Leloir y avenida Paysand\u00fa, en la ciudad de Corrientes. Tras recibir atenci\u00f3n [&hellip;]<\/p>\n","protected":false},"author":2,"featured_media":16542,"comment_status":"closed","ping_status":"open","sticky":false,"template":"","format":"standard","meta":{"footnotes":""},"categories":[3],"tags":[511,125],"class_list":{"0":"post-16541","1":"post","2":"type-post","3":"status-publish","4":"format-standard","5":"has-post-thumbnail","7":"category-provinciales","8":"tag-bloque-2","9":"tag-corrientes"},"_links":{"self":[{"href":"https:\/\/zoomproducciones.com.ar\/zoomp\/wp-json\/wp\/v2\/posts\/16541","targetHints":{"allow":["GET"]}}],"collection":[{"href":"https:\/\/zoomproducciones.com.ar\/zoomp\/wp-json\/wp\/v2\/posts"}],"about":[{"href":"https:\/\/zoomproducciones.com.ar\/zoomp\/wp-json\/wp\/v2\/types\/post"}],"author":[{"embeddable":true,"href":"https:\/\/zoomproducciones.com.ar\/zoomp\/wp-json\/wp\/v2\/users\/2"}],"replies":[{"embeddable":true,"href":"https:\/\/zoomproducciones.com.ar\/zoomp\/wp-json\/wp\/v2\/comments?post=16541"}],"version-history":[{"count":1,"href":"https:\/\/zoomproducciones.com.ar\/zoomp\/wp-json\/wp\/v2\/posts\/16541\/revisions"}],"predecessor-version":[{"id":16543,"href":"https:\/\/zoomproducciones.com.ar\/zoomp\/wp-json\/wp\/v2\/posts\/16541\/revisions\/16543"}],"wp:featuredmedia":[{"embeddable":true,"href":"https:\/\/zoomproducciones.com.ar\/zoomp\/wp-json\/wp\/v2\/media\/16542"}],"wp:attachment":[{"href":"https:\/\/zoomproducciones.com.ar\/zoomp\/wp-json\/wp\/v2\/media?parent=16541"}],"wp:term":[{"taxonomy":"category","embeddable":true,"href":"https:\/\/zoomproducciones.com.ar\/zoomp\/wp-json\/wp\/v2\/categories?post=16541"},{"taxonomy":"post_tag","embeddable":true,"href":"https:\/\/zoomproducciones.com.ar\/zoomp\/wp-json\/wp\/v2\/tags?post=16541"}],"curies":[{"name":"wp","href":"https:\/\/api.w.org\/{rel}","templated":true}]}}