{"id":16531,"date":"2024-06-18T08:26:43","date_gmt":"2024-06-18T11:26:43","guid":{"rendered":"http:\/\/zoomproducciones.com.ar\/zoomp\/?p=16531"},"modified":"2024-07-01T07:12:49","modified_gmt":"2024-07-01T10:12:49","slug":"valdes-agradecio-el-apoyo-nacional-en-la-busqueda-de-loan-operativo-intensificado-en-corrientes","status":"publish","type":"post","link":"https:\/\/zoomproducciones.com.ar\/zoomp\/valdes-agradecio-el-apoyo-nacional-en-la-busqueda-de-loan-operativo-intensificado-en-corrientes\/","title":{"rendered":"Vald\u00e9s agradeci\u00f3 el apoyo nacional en la b\u00fasqueda de Loan: operativo intensificado en Corrientes"},"content":{"rendered":"\n<p>El gobernador de Corrientes, Gustavo Vald\u00e9s,<strong> expres\u00f3 su agradecimiento a funcionarios nacionales<\/strong>, f<strong>uerzas de seguridad de varias provincias y al personal loca<\/strong>l que participa en la b\u00fasqueda del ni\u00f1o Loan Danilo Pe\u00f1a, desaparecido desde el pasado jueves.<\/p>\n\n\n\n<p>Vald\u00e9s <strong>destac\u00f3 la colaboraci\u00f3n de los ministros de Seguridad y Defensa, Patricia Bullrich y Luis Petri,<\/strong> respectivamente, y las fuerzas de seguridad nacionales como el Ej\u00e9rcito, Gendarmer\u00eda y Prefectura Naval. Tambi\u00e9n agradeci\u00f3 el apoyo de los gobiernos de Chaco, Entre R\u00edos, Santa Fe y Misiones, quienes han desplegado personal y recursos para la b\u00fasqueda.<\/p>\n\n\n\n<p>\u00abQuiero destacar el arduo trabajo que vienen realizando las <strong>fuerzas de seguridad de la provincia y todas las \u00e1reas del Gobierno provincial<\/strong>\u00ab, expres\u00f3 Vald\u00e9s en sus redes sociales.<\/p>\n\n\n\n<p>La b\u00fasqueda de Loan se intensifica con m\u00e1s de 600 efectivos rastrillando m\u00e1s de 10 mil hect\u00e1reas en la zona rural de Algarrobal.<strong> Este lunes, el operativo se centr\u00f3 en la estancia Las Lagunas, <\/strong>donde se encontraron nuevas huellas que est\u00e1n siendo analizadas.<\/p>\n\n\n\n<p><strong>Los equipos de b\u00fasqueda trabajan por aire y tierra, con drones, lanchas, gomones y perros de b\u00fasqueda<\/strong>. La Polic\u00eda de Corrientes, el COE, Brigadistas, Bomberos Voluntarios, el Ej\u00e9rcito Argentino, Gendarmer\u00eda Argentina y la Polic\u00eda Federal se encuentran participando en el operativo.<\/p>\n\n\n\n<p>La colaboraci\u00f3n interprovincial y nacional demuestra la solidaridad y la determinaci\u00f3n para encontrar a Loan con vida. La esperanza de la familia y de la comunidad se mantiene intacta en la b\u00fasqueda del peque\u00f1o.<\/p>\n","protected":false},"excerpt":{"rendered":"<p>El gobernador de Corrientes, Gustavo Vald\u00e9s, expres\u00f3 su agradecimiento a funcionarios nacionales, fuerzas de seguridad de varias provincias y al personal local que participa en la b\u00fasqueda del ni\u00f1o Loan Danilo Pe\u00f1a, desaparecido desde el pasado jueves. Vald\u00e9s destac\u00f3 la colaboraci\u00f3n de los ministros de Seguridad y Defensa, Patricia Bullrich y Luis Petri, respectivamente, y [&hellip;]<\/p>\n","protected":false},"author":2,"featured_media":16532,"comment_status":"closed","ping_status":"open","sticky":false,"template":"","format":"standard","meta":{"footnotes":""},"categories":[533,3],"tags":[125,42],"class_list":{"0":"post-16531","1":"post","2":"type-post","3":"status-publish","4":"format-standard","5":"has-post-thumbnail","7":"category-caso-loan","8":"category-provinciales","9":"tag-corrientes","10":"tag-featured"},"_links":{"self":[{"href":"https:\/\/zoomproducciones.com.ar\/zoomp\/wp-json\/wp\/v2\/posts\/16531","targetHints":{"allow":["GET"]}}],"collection":[{"href":"https:\/\/zoomproducciones.com.ar\/zoomp\/wp-json\/wp\/v2\/posts"}],"about":[{"href":"https:\/\/zoomproducciones.com.ar\/zoomp\/wp-json\/wp\/v2\/types\/post"}],"author":[{"embeddable":true,"href":"https:\/\/zoomproducciones.com.ar\/zoomp\/wp-json\/wp\/v2\/users\/2"}],"replies":[{"embeddable":true,"href":"https:\/\/zoomproducciones.com.ar\/zoomp\/wp-json\/wp\/v2\/comments?post=16531"}],"version-history":[{"count":1,"href":"https:\/\/zoomproducciones.com.ar\/zoomp\/wp-json\/wp\/v2\/posts\/16531\/revisions"}],"predecessor-version":[{"id":16534,"href":"https:\/\/zoomproducciones.com.ar\/zoomp\/wp-json\/wp\/v2\/posts\/16531\/revisions\/16534"}],"wp:featuredmedia":[{"embeddable":true,"href":"https:\/\/zoomproducciones.com.ar\/zoomp\/wp-json\/wp\/v2\/media\/16532"}],"wp:attachment":[{"href":"https:\/\/zoomproducciones.com.ar\/zoomp\/wp-json\/wp\/v2\/media?parent=16531"}],"wp:term":[{"taxonomy":"category","embeddable":true,"href":"https:\/\/zoomproducciones.com.ar\/zoomp\/wp-json\/wp\/v2\/categories?post=16531"},{"taxonomy":"post_tag","embeddable":true,"href":"https:\/\/zoomproducciones.com.ar\/zoomp\/wp-json\/wp\/v2\/tags?post=16531"}],"curies":[{"name":"wp","href":"https:\/\/api.w.org\/{rel}","templated":true}]}}