{"id":16528,"date":"2024-06-18T08:26:42","date_gmt":"2024-06-18T11:26:42","guid":{"rendered":"http:\/\/zoomproducciones.com.ar\/zoomp\/?p=16528"},"modified":"2024-06-18T08:26:42","modified_gmt":"2024-06-18T11:26:42","slug":"milei-reanima-tension-con-espana-y-ataca-a-periodistas-argentinos","status":"publish","type":"post","link":"https:\/\/zoomproducciones.com.ar\/zoomp\/milei-reanima-tension-con-espana-y-ataca-a-periodistas-argentinos\/","title":{"rendered":"Milei reanima tensi\u00f3n con espa\u00f1a y ataca a periodistas argentinos"},"content":{"rendered":"\n<p>Javier Milei <strong>reaviv\u00f3 la tensi\u00f3n con su hom\u00f3logo espa\u00f1ol, Pedro S\u00e1nchez<\/strong>, y volvi\u00f3 a arremeter contra la prensa argentina, utilizando como ejemplo a un periodista espa\u00f1ol.<\/p>\n\n\n\n<p>En un posteo en X (ex Twitter), Milei se solidariz\u00f3 con Vito Quiles, <strong>un periodista espa\u00f1ol que denunci\u00f3 una supuesta persecuci\u00f3n del gobierno de S\u00e1nchez<\/strong> por haber publicado que un ministro habr\u00eda utilizado un auto oficial para asistir a un recital de Taylor Swift.<\/p>\n\n\n\n<p>\u00abSi un funcionario de nuestro Gobierno quisiera meter preso a un periodista por dar una noticia, toda la progres\u00eda local, desde <strong>Tenembaum y Longobardi hasta Novaresio y Lanata, estar\u00eda llorando dictadura.<\/strong> Pero no. <strong>Como es un gobierno zurdo se hacen los distra\u00eddos<\/strong>\u00ab, escribi\u00f3 Milei, calificando a los periodistas argentinos como <strong>\u00abc\u00f3mplices del socialismo autoritario\u00bb.<\/strong><\/p>\n\n\n\n<figure class=\"wp-block-image size-full\"><a href=\"http:\/\/zoomproducciones.com.ar\/zoomp\/wp-content\/uploads\/2024\/06\/image-95.png\"><img loading=\"lazy\" decoding=\"async\" width=\"552\" height=\"720\" src=\"http:\/\/zoomproducciones.com.ar\/zoomp\/wp-content\/uploads\/2024\/06\/image-95.png\" alt=\"\" class=\"wp-image-16529\" srcset=\"https:\/\/zoomproducciones.com.ar\/zoomp\/wp-content\/uploads\/2024\/06\/image-95.png 552w, https:\/\/zoomproducciones.com.ar\/zoomp\/wp-content\/uploads\/2024\/06\/image-95-230x300.png 230w\" sizes=\"auto, (max-width: 552px) 100vw, 552px\" \/><\/a><figcaption class=\"wp-element-caption\">Foto tomada de Noticias Argentinas.<\/figcaption><\/figure>\n\n\n\n<p>Con esta nueva cr\u00edtica, Milei no solo reaviva las disputas con la prensa que cuestiona su gesti\u00f3n, sino que tambi\u00e9n reaviv\u00f3 la tensi\u00f3n con Espa\u00f1a.<\/p>\n\n\n\n<p>La Argentina y Espa\u00f1a se encuentran en un momento de extrema tensi\u00f3n desde que Milei acus\u00f3 a la esposa de S\u00e1nchez, Bego\u00f1a G\u00f3mez, de corrupci\u00f3n, <strong>lo que llev\u00f3 al Gobierno espa\u00f1ol a retirar a su embajadora de Buenos Aires.<\/strong> G\u00f3mez est\u00e1 bajo investigaci\u00f3n en Espa\u00f1a por tr\u00e1fico de influencias y corrupci\u00f3n.<\/p>\n\n\n\n<p>Las acusaciones de Milei <strong>contra Espa\u00f1a y la prensa argentina han sido rechazadas por diversos sectores de la sociedad y la pol\u00edtica. <\/strong>Las relaciones bilaterales entre Argentina y Espa\u00f1a se encuentran en un punto de crisis sin precedentes, lo que podr\u00eda afectar la cooperaci\u00f3n y los intereses comunes entre ambos pa\u00edses.<\/p>\n","protected":false},"excerpt":{"rendered":"<p>Javier Milei reaviv\u00f3 la tensi\u00f3n con su hom\u00f3logo espa\u00f1ol, Pedro S\u00e1nchez, y volvi\u00f3 a arremeter contra la prensa argentina, utilizando como ejemplo a un periodista espa\u00f1ol. En un posteo en X (ex Twitter), Milei se solidariz\u00f3 con Vito Quiles, un periodista espa\u00f1ol que denunci\u00f3 una supuesta persecuci\u00f3n del gobierno de S\u00e1nchez por haber publicado que [&hellip;]<\/p>\n","protected":false},"author":2,"featured_media":16530,"comment_status":"closed","ping_status":"open","sticky":false,"template":"","format":"standard","meta":{"footnotes":""},"categories":[8],"tags":[118,42],"class_list":{"0":"post-16528","1":"post","2":"type-post","3":"status-publish","4":"format-standard","5":"has-post-thumbnail","7":"category-nacionales","8":"tag-argentina","9":"tag-featured"},"_links":{"self":[{"href":"https:\/\/zoomproducciones.com.ar\/zoomp\/wp-json\/wp\/v2\/posts\/16528","targetHints":{"allow":["GET"]}}],"collection":[{"href":"https:\/\/zoomproducciones.com.ar\/zoomp\/wp-json\/wp\/v2\/posts"}],"about":[{"href":"https:\/\/zoomproducciones.com.ar\/zoomp\/wp-json\/wp\/v2\/types\/post"}],"author":[{"embeddable":true,"href":"https:\/\/zoomproducciones.com.ar\/zoomp\/wp-json\/wp\/v2\/users\/2"}],"replies":[{"embeddable":true,"href":"https:\/\/zoomproducciones.com.ar\/zoomp\/wp-json\/wp\/v2\/comments?post=16528"}],"version-history":[{"count":1,"href":"https:\/\/zoomproducciones.com.ar\/zoomp\/wp-json\/wp\/v2\/posts\/16528\/revisions"}],"predecessor-version":[{"id":16533,"href":"https:\/\/zoomproducciones.com.ar\/zoomp\/wp-json\/wp\/v2\/posts\/16528\/revisions\/16533"}],"wp:featuredmedia":[{"embeddable":true,"href":"https:\/\/zoomproducciones.com.ar\/zoomp\/wp-json\/wp\/v2\/media\/16530"}],"wp:attachment":[{"href":"https:\/\/zoomproducciones.com.ar\/zoomp\/wp-json\/wp\/v2\/media?parent=16528"}],"wp:term":[{"taxonomy":"category","embeddable":true,"href":"https:\/\/zoomproducciones.com.ar\/zoomp\/wp-json\/wp\/v2\/categories?post=16528"},{"taxonomy":"post_tag","embeddable":true,"href":"https:\/\/zoomproducciones.com.ar\/zoomp\/wp-json\/wp\/v2\/tags?post=16528"}],"curies":[{"name":"wp","href":"https:\/\/api.w.org\/{rel}","templated":true}]}}