{"id":16526,"date":"2024-06-18T08:26:46","date_gmt":"2024-06-18T11:26:46","guid":{"rendered":"http:\/\/zoomproducciones.com.ar\/zoomp\/?p=16526"},"modified":"2024-07-01T07:12:45","modified_gmt":"2024-07-01T10:12:45","slug":"desesperacion-por-loan-nueva-pista-y-detenidos-pero-el-nino-sigue-desaparecido","status":"publish","type":"post","link":"https:\/\/zoomproducciones.com.ar\/zoomp\/desesperacion-por-loan-nueva-pista-y-detenidos-pero-el-nino-sigue-desaparecido\/","title":{"rendered":"Desesperaci\u00f3n por Loan: nueva pista y detenidos, pero el ni\u00f1o sigue desaparecido"},"content":{"rendered":"\n<p>La b\u00fasqueda de Loan Danilo Pe\u00f1a, el ni\u00f1o de 5 a\u00f1os <strong>desaparecido hace cinco d\u00edas<\/strong> en el paraje rural Algarrobal de 9 de Julio, Corrientes, contin\u00faa con intensidad, aumentando la desesperaci\u00f3n de la familia y la preocupaci\u00f3n de la comunidad.<\/p>\n\n\n\n<p>Los operativos de rastrillaje se reducen en las horas de la noche por la falta de luz, <strong>pero se reanudan durante la madrugada con drones de visi\u00f3n nocturna.<\/strong> Una nueva pista, a\u00fan bajo secreto de sumario, surgi\u00f3 el lunes por la tarde y gener\u00f3 esperanza en la investigaci\u00f3n. El abogado de la familia, Roberto M\u00e9ndez, confirm\u00f3 que<strong> la pista es \u00abbastante positiva\u00bb<\/strong>.<\/p>\n\n\n\n<p>Seg\u00fan lo expresado por Radio Sudamericana, tras publicaciones de medios nacionales sobre el <strong>hallazgo de naranjas y manchas de sangre<\/strong>, desde la<strong> Polic\u00eda de Corrientes desmintieron esas versiones.<\/strong><\/p>\n\n\n\n<p>En paralelo, <strong>la Justicia dict\u00f3 la prisi\u00f3n preventiva para el t\u00edo pol\u00edtico de Loan y una pareja de amigos<\/strong> que fueron los \u00faltimos en verlo. La decisi\u00f3n se basa en las <strong>contradicciones en sus declaraciones<\/strong> y en la necesidad de evitar que entorpezcan la investigaci\u00f3n.<\/p>\n\n\n\n<figure class=\"wp-block-image size-large\"><a href=\"http:\/\/zoomproducciones.com.ar\/zoomp\/wp-content\/uploads\/2024\/06\/image-82.png\"><img loading=\"lazy\" decoding=\"async\" width=\"1024\" height=\"1024\" src=\"http:\/\/zoomproducciones.com.ar\/zoomp\/wp-content\/uploads\/2024\/06\/image-82-1024x1024.png\" alt=\"\" class=\"wp-image-16481\" srcset=\"https:\/\/zoomproducciones.com.ar\/zoomp\/wp-content\/uploads\/2024\/06\/image-82-1024x1024.png 1024w, https:\/\/zoomproducciones.com.ar\/zoomp\/wp-content\/uploads\/2024\/06\/image-82-300x300.png 300w, https:\/\/zoomproducciones.com.ar\/zoomp\/wp-content\/uploads\/2024\/06\/image-82-150x150.png 150w, https:\/\/zoomproducciones.com.ar\/zoomp\/wp-content\/uploads\/2024\/06\/image-82-768x768.png 768w, https:\/\/zoomproducciones.com.ar\/zoomp\/wp-content\/uploads\/2024\/06\/image-82-1536x1536.png 1536w, https:\/\/zoomproducciones.com.ar\/zoomp\/wp-content\/uploads\/2024\/06\/image-82-80x80.png 80w, https:\/\/zoomproducciones.com.ar\/zoomp\/wp-content\/uploads\/2024\/06\/image-82.png 1600w\" sizes=\"auto, (max-width: 1024px) 100vw, 1024px\" \/><\/a><\/figure>\n\n\n\n<p>Las investigaciones apuntan a que <strong>el ni\u00f1o se perdi\u00f3 en la zona rural. S<\/strong>eg\u00fan el relato de los otros ni\u00f1os que estaban con Loan al momento de su desaparici\u00f3n, <strong>\u00e9l se adelant\u00f3 en una \u00abcarrerita\u00bb y se perdi\u00f3 de vista.<\/strong><\/p>\n\n\n\n<p>La b\u00fasqueda ha arrojado algunas pistas como un bot\u00edn reconocido por la familia, huellas de pies descalzos y restos de v\u00f3mitos y materia fecal que se analizar\u00e1n para confirmar si pertenecen al ni\u00f1o. El fiscal Castillo ha descrito la zona donde se perdi\u00f3 Loan como <strong>\u00abun lugar muy dif\u00edcil, con mucha vegetaci\u00f3n, inaccesible a veh\u00edculos\u00bb.<\/strong><\/p>\n\n\n\n<p>Interpol ha emitido una alerta por Loan, el Ej\u00e9rcito se ha sumado a la b\u00fasqueda y <strong>se ofrece una recompensa de $5 millones por informaci\u00f3n que conduzca a su aparici\u00f3n<\/strong>. La esperanza de encontrar a Loan con vida perdura en la comunidad, que se mantiene unida en la b\u00fasqueda del peque\u00f1o.<\/p>\n","protected":false},"excerpt":{"rendered":"<p>La b\u00fasqueda de Loan Danilo Pe\u00f1a, el ni\u00f1o de 5 a\u00f1os desaparecido hace cinco d\u00edas en el paraje rural Algarrobal de 9 de Julio, Corrientes, contin\u00faa con intensidad, aumentando la desesperaci\u00f3n de la familia y la preocupaci\u00f3n de la comunidad. Los operativos de rastrillaje se reducen en las horas de la noche por la falta [&hellip;]<\/p>\n","protected":false},"author":2,"featured_media":16536,"comment_status":"closed","ping_status":"open","sticky":false,"template":"","format":"standard","meta":{"footnotes":""},"categories":[533,5,3],"tags":[125,42],"class_list":{"0":"post-16526","1":"post","2":"type-post","3":"status-publish","4":"format-standard","5":"has-post-thumbnail","7":"category-caso-loan","8":"category-locales","9":"category-provinciales","10":"tag-corrientes","11":"tag-featured"},"_links":{"self":[{"href":"https:\/\/zoomproducciones.com.ar\/zoomp\/wp-json\/wp\/v2\/posts\/16526","targetHints":{"allow":["GET"]}}],"collection":[{"href":"https:\/\/zoomproducciones.com.ar\/zoomp\/wp-json\/wp\/v2\/posts"}],"about":[{"href":"https:\/\/zoomproducciones.com.ar\/zoomp\/wp-json\/wp\/v2\/types\/post"}],"author":[{"embeddable":true,"href":"https:\/\/zoomproducciones.com.ar\/zoomp\/wp-json\/wp\/v2\/users\/2"}],"replies":[{"embeddable":true,"href":"https:\/\/zoomproducciones.com.ar\/zoomp\/wp-json\/wp\/v2\/comments?post=16526"}],"version-history":[{"count":4,"href":"https:\/\/zoomproducciones.com.ar\/zoomp\/wp-json\/wp\/v2\/posts\/16526\/revisions"}],"predecessor-version":[{"id":16540,"href":"https:\/\/zoomproducciones.com.ar\/zoomp\/wp-json\/wp\/v2\/posts\/16526\/revisions\/16540"}],"wp:featuredmedia":[{"embeddable":true,"href":"https:\/\/zoomproducciones.com.ar\/zoomp\/wp-json\/wp\/v2\/media\/16536"}],"wp:attachment":[{"href":"https:\/\/zoomproducciones.com.ar\/zoomp\/wp-json\/wp\/v2\/media?parent=16526"}],"wp:term":[{"taxonomy":"category","embeddable":true,"href":"https:\/\/zoomproducciones.com.ar\/zoomp\/wp-json\/wp\/v2\/categories?post=16526"},{"taxonomy":"post_tag","embeddable":true,"href":"https:\/\/zoomproducciones.com.ar\/zoomp\/wp-json\/wp\/v2\/tags?post=16526"}],"curies":[{"name":"wp","href":"https:\/\/api.w.org\/{rel}","templated":true}]}}