{"id":16519,"date":"2024-06-18T08:06:16","date_gmt":"2024-06-18T11:06:16","guid":{"rendered":"http:\/\/zoomproducciones.com.ar\/zoomp\/?p=16519"},"modified":"2024-06-18T08:06:17","modified_gmt":"2024-06-18T11:06:17","slug":"alperovich-enfrenta-veredicto-por-abuso-sexual-22-anos-de-prision-en-juego","status":"publish","type":"post","link":"https:\/\/zoomproducciones.com.ar\/zoomp\/alperovich-enfrenta-veredicto-por-abuso-sexual-22-anos-de-prision-en-juego\/","title":{"rendered":"Alperovich enfrenta veredicto por abuso sexual: 22 a\u00f1os de prisi\u00f3n en juego"},"content":{"rendered":"\n<p>El ex gobernador de Tucum\u00e1n, Jos\u00e9 Alperovich, conoce hoy el veredicto en el juicio por abuso sexual que lo enfrenta tras la denuncia de su sobrina y ex asesora. <strong>La querella pide 22 a\u00f1os de prisi\u00f3n, mientras que la fiscal\u00eda reclama 16 a\u00f1os y seis meses<\/strong>. Adem\u00e1s, se solicita la inhabilitaci\u00f3n perpetua para ejercer cargos p\u00fablicos y la inhibici\u00f3n general de bienes para reparar a la v\u00edctima.<\/p>\n\n\n\n<p>La acusaci\u00f3n se basa en <strong>nueve hechos de abuso sexual ocurridos entre 2017 y 2018, tanto en Buenos Aires como en Tucum\u00e1n. <\/strong>Dos de los episodios se registraron en el departamento de Alperovich en Puerto Madero, mientras que <strong>los m\u00e1s graves ocurrieron en marzo de 2018 en la provincia de Tucum\u00e1n<\/strong>.<\/p>\n\n\n\n<p>L<strong>a defensa ha intentado descalificar a la v\u00edctima,<\/strong> atacando la consistencia de su relato y estableciendo un hipot\u00e9tico v\u00ednculo con la denuncia contra Juan Darthes. Se ha se\u00f1alado que<strong> la v\u00edctima habr\u00eda utilizado \u00ablas mismas frases\u00bb en su testimonio que las utilizadas por la denunciante de Darthes<\/strong>. Sin embargo, es importante remarcar que <strong>este argumento carece de fundamento y busca desviar la atenci\u00f3n del fondo de la acusaci\u00f3n.<\/strong><\/p>\n\n\n\n<p>El Tribunal deber\u00e1 resolver no solo sobre la culpabilidad de Alperovich, sino tambi\u00e9n sobre la posibilidad de que ingrese en prisi\u00f3n en caso de recaer condena.<strong> El ex gobernador ha permanecido en libertad desde que fue denunciado en noviembre de 2019,<\/strong> con solo prohibici\u00f3n de salida del pa\u00eds.<\/p>\n","protected":false},"excerpt":{"rendered":"<p>El ex gobernador de Tucum\u00e1n, Jos\u00e9 Alperovich, conoce hoy el veredicto en el juicio por abuso sexual que lo enfrenta tras la denuncia de su sobrina y ex asesora. La querella pide 22 a\u00f1os de prisi\u00f3n, mientras que la fiscal\u00eda reclama 16 a\u00f1os y seis meses. Adem\u00e1s, se solicita la inhabilitaci\u00f3n perpetua para ejercer cargos [&hellip;]<\/p>\n","protected":false},"author":2,"featured_media":16520,"comment_status":"closed","ping_status":"open","sticky":false,"template":"","format":"standard","meta":{"footnotes":""},"categories":[8],"tags":[118,511],"class_list":{"0":"post-16519","1":"post","2":"type-post","3":"status-publish","4":"format-standard","5":"has-post-thumbnail","7":"category-nacionales","8":"tag-argentina","9":"tag-bloque-2"},"_links":{"self":[{"href":"https:\/\/zoomproducciones.com.ar\/zoomp\/wp-json\/wp\/v2\/posts\/16519","targetHints":{"allow":["GET"]}}],"collection":[{"href":"https:\/\/zoomproducciones.com.ar\/zoomp\/wp-json\/wp\/v2\/posts"}],"about":[{"href":"https:\/\/zoomproducciones.com.ar\/zoomp\/wp-json\/wp\/v2\/types\/post"}],"author":[{"embeddable":true,"href":"https:\/\/zoomproducciones.com.ar\/zoomp\/wp-json\/wp\/v2\/users\/2"}],"replies":[{"embeddable":true,"href":"https:\/\/zoomproducciones.com.ar\/zoomp\/wp-json\/wp\/v2\/comments?post=16519"}],"version-history":[{"count":1,"href":"https:\/\/zoomproducciones.com.ar\/zoomp\/wp-json\/wp\/v2\/posts\/16519\/revisions"}],"predecessor-version":[{"id":16521,"href":"https:\/\/zoomproducciones.com.ar\/zoomp\/wp-json\/wp\/v2\/posts\/16519\/revisions\/16521"}],"wp:featuredmedia":[{"embeddable":true,"href":"https:\/\/zoomproducciones.com.ar\/zoomp\/wp-json\/wp\/v2\/media\/16520"}],"wp:attachment":[{"href":"https:\/\/zoomproducciones.com.ar\/zoomp\/wp-json\/wp\/v2\/media?parent=16519"}],"wp:term":[{"taxonomy":"category","embeddable":true,"href":"https:\/\/zoomproducciones.com.ar\/zoomp\/wp-json\/wp\/v2\/categories?post=16519"},{"taxonomy":"post_tag","embeddable":true,"href":"https:\/\/zoomproducciones.com.ar\/zoomp\/wp-json\/wp\/v2\/tags?post=16519"}],"curies":[{"name":"wp","href":"https:\/\/api.w.org\/{rel}","templated":true}]}}