{"id":16515,"date":"2024-06-18T08:06:27","date_gmt":"2024-06-18T11:06:27","guid":{"rendered":"http:\/\/zoomproducciones.com.ar\/zoomp\/?p=16515"},"modified":"2024-06-18T08:06:27","modified_gmt":"2024-06-18T11:06:27","slug":"scioli-responde-a-quienes-piden-su-expulsion-del-pj-lean-a-peron-no-al-perometro","status":"publish","type":"post","link":"https:\/\/zoomproducciones.com.ar\/zoomp\/scioli-responde-a-quienes-piden-su-expulsion-del-pj-lean-a-peron-no-al-perometro\/","title":{"rendered":"Scioli responde a quienes piden su expulsi\u00f3n del PJ: \u00abLean a Per\u00f3n, no al per\u00f3metro\u00bb"},"content":{"rendered":"\n<p>El secretario de Turismo, Ambiente y Deportes, Daniel Scioli, respondi\u00f3 a las cr\u00edticas que piden su expulsi\u00f3n del Partido Justicialista (PJ) luego de su incorporaci\u00f3n al gobierno de Javier Milei. Scioli defendi\u00f3 su postura y remarc\u00f3 que<strong> \u00aba los que se creen due\u00f1os del peronismo o del per\u00f3metro, hay que invitarlos a leer la historia<\/strong> y leer a Juan Domingo Per\u00f3n\u00bb.<\/p>\n\n\n\n<p>\u00ab<strong>Yo quiero sumar para que la Argentina se arregle de una vez y para siempre<\/strong>\u00ab, afirm\u00f3 Scioli, autodenomin\u00e1ndose \u00abperonista y libertario\u00bb.<\/p>\n\n\n\n<p>La senadora Juliana Di Tullio fue una de las primeras en solicitar la expulsi\u00f3n de Scioli, junto a los senadores Edgardo Kueider y Carlos Mauricio \u00abCamau\u00bb Esp\u00ednola, por haber acompa\u00f1ado al oficialismo en la votaci\u00f3n de la ley de Bases.<\/p>\n\n\n\n<p>Scioli, en una extensa publicaci\u00f3n en redes sociales, se apoy\u00f3 en las ideas de Per\u00f3n para fundamentar su decisi\u00f3n.<strong> \u00abEl peronismo es un pensamiento estrat\u00e9gico, no ideol\u00f3gico. <\/strong>Privilegia alcanzar los objetivos para la felicidad del pueblo.<strong> No hay que enamorarse de los fracasos. <\/strong>Lo dice clarito en Conducci\u00f3n Pol\u00edtica\u00bb, escribi\u00f3.<\/p>\n\n\n\n<p>Asimismo, Scioli hizo hincapi\u00e9 en la capacidad de Per\u00f3n para adaptarse a las circunstancias: \u00abPer\u00f3n siempre la vio<strong>. Jam\u00e1s el peronismo se enamor\u00f3 de los instrumentos.<\/strong> Siempre actu\u00f3 de acuerdo a la realidad, postulando que esta es la \u00fanica verdad\u00bb, explic\u00f3.<\/p>\n\n\n\n<p>Como ejemplo, cit\u00f3 las pol\u00edticas econ\u00f3micas implementadas por Per\u00f3n, que incluyeron tanto el protagonismo del Estado como la reducci\u00f3n del gasto p\u00fablico cuando la inflaci\u00f3n era un problema. \u00ab<strong>Per\u00f3n la ve\u00eda bien clarito<\/strong>: El punto de partida es la estabilidad de precios; el trabajo y el sacrificio, creadores de riqueza, son los factores decisivos de toda soluci\u00f3n econ\u00f3mica\u00bb, detall\u00f3 Scioli.<\/p>\n\n\n\n<p>El funcionario tambi\u00e9n destac\u00f3 la capacidad de Per\u00f3n para adaptarse a la evoluci\u00f3n del mundo, citando un discurso de 1948: \u00abLa evoluci\u00f3n es para los pueblos un agente de rejuvenecimiento indispensable y permanente. <strong>Es menester no aferrarse a prescripciones arcaicas o sobrepasadas por el tiempo<\/strong>\u00ab.<\/p>\n\n\n\n<p>Scioli concluy\u00f3 su mensaje con un llamado a la unidad y a \u00abarreglar la Argentina\u00bb: \u00abEsto lo arreglamos entre todos, o no lo arregla nadie.<strong> Y yo quiero sumar para que la Argentina se arregle de una vez y para siempre<\/strong>\u00ab.<\/p>\n\n\n\n<p>El debate sobre la expulsi\u00f3n de Scioli del PJ se suma a la discusi\u00f3n interna que sacude al partido en el contexto de las pr\u00f3ximas elecciones.<\/p>\n","protected":false},"excerpt":{"rendered":"<p>El secretario de Turismo, Ambiente y Deportes, Daniel Scioli, respondi\u00f3 a las cr\u00edticas que piden su expulsi\u00f3n del Partido Justicialista (PJ) luego de su incorporaci\u00f3n al gobierno de Javier Milei. Scioli defendi\u00f3 su postura y remarc\u00f3 que \u00aba los que se creen due\u00f1os del peronismo o del per\u00f3metro, hay que invitarlos a leer la historia [&hellip;]<\/p>\n","protected":false},"author":2,"featured_media":16516,"comment_status":"closed","ping_status":"open","sticky":false,"template":"","format":"standard","meta":{"footnotes":""},"categories":[8],"tags":[118,511],"class_list":{"0":"post-16515","1":"post","2":"type-post","3":"status-publish","4":"format-standard","5":"has-post-thumbnail","7":"category-nacionales","8":"tag-argentina","9":"tag-bloque-2"},"_links":{"self":[{"href":"https:\/\/zoomproducciones.com.ar\/zoomp\/wp-json\/wp\/v2\/posts\/16515","targetHints":{"allow":["GET"]}}],"collection":[{"href":"https:\/\/zoomproducciones.com.ar\/zoomp\/wp-json\/wp\/v2\/posts"}],"about":[{"href":"https:\/\/zoomproducciones.com.ar\/zoomp\/wp-json\/wp\/v2\/types\/post"}],"author":[{"embeddable":true,"href":"https:\/\/zoomproducciones.com.ar\/zoomp\/wp-json\/wp\/v2\/users\/2"}],"replies":[{"embeddable":true,"href":"https:\/\/zoomproducciones.com.ar\/zoomp\/wp-json\/wp\/v2\/comments?post=16515"}],"version-history":[{"count":1,"href":"https:\/\/zoomproducciones.com.ar\/zoomp\/wp-json\/wp\/v2\/posts\/16515\/revisions"}],"predecessor-version":[{"id":16523,"href":"https:\/\/zoomproducciones.com.ar\/zoomp\/wp-json\/wp\/v2\/posts\/16515\/revisions\/16523"}],"wp:featuredmedia":[{"embeddable":true,"href":"https:\/\/zoomproducciones.com.ar\/zoomp\/wp-json\/wp\/v2\/media\/16516"}],"wp:attachment":[{"href":"https:\/\/zoomproducciones.com.ar\/zoomp\/wp-json\/wp\/v2\/media?parent=16515"}],"wp:term":[{"taxonomy":"category","embeddable":true,"href":"https:\/\/zoomproducciones.com.ar\/zoomp\/wp-json\/wp\/v2\/categories?post=16515"},{"taxonomy":"post_tag","embeddable":true,"href":"https:\/\/zoomproducciones.com.ar\/zoomp\/wp-json\/wp\/v2\/tags?post=16515"}],"curies":[{"name":"wp","href":"https:\/\/api.w.org\/{rel}","templated":true}]}}