{"id":16503,"date":"2024-06-17T08:13:01","date_gmt":"2024-06-17T11:13:01","guid":{"rendered":"http:\/\/zoomproducciones.com.ar\/zoomp\/?p=16503"},"modified":"2024-06-17T08:47:11","modified_gmt":"2024-06-17T11:47:11","slug":"joven-fallece-tras-presunto-suicidio-en-goya","status":"publish","type":"post","link":"https:\/\/zoomproducciones.com.ar\/zoomp\/joven-fallece-tras-presunto-suicidio-en-goya\/","title":{"rendered":"Joven fallece tras presunto suicidio en Goya"},"content":{"rendered":"\n<p>Un tr\u00e1gico suceso conmocion\u00f3 al barrio San Mart\u00edn, en la ciudad de Goya, la ma\u00f1ana del domingo. Se presume que un joven, tras una fuerte discusi\u00f3n con su novia, tom\u00f3 la decisi\u00f3n de quitarse la vida al tocar un pilar de luz en un espacio p\u00fablico, el cual a\u00fan se encontraba h\u00famedo por una reciente llovizna.<\/p>\n\n\n\n<p>El cuerpo fue encontrado a escasos cent\u00edmetros del pilar, en un escenario que conmocion\u00f3 a los testigos. Los restos permanecieron tendidos hasta la ma\u00f1ana, cuando intervino la polic\u00eda. Tras un interrogatorio a la novia, quien relat\u00f3 lo sucedido, la causa se consign\u00f3 como \u00absupuesto suicidio\u00bb.<\/p>\n\n\n\n<p>La polic\u00eda contin\u00faa investigando el caso para determinar las circunstancias exactas del fallecimiento.<\/p>\n\n\n\n<p><strong>Si usted o alg\u00fan conocido est\u00e1 atravesando una situaci\u00f3n compleja y necesita ayuda, comun\u00edquese con la l\u00ednea gratuita de Salud Mental Responde: <\/strong><a href=\"tel:0800-333-1665\"><strong>0800-333-1665<\/strong><\/a><strong>.<\/strong><\/p>\n\n\n\n<p>Nota escrita con datos de Radio 2. <\/p>\n","protected":false},"excerpt":{"rendered":"<p>Un tr\u00e1gico suceso conmocion\u00f3 al barrio San Mart\u00edn, en la ciudad de Goya, la ma\u00f1ana del domingo. Se presume que un joven, tras una fuerte discusi\u00f3n con su novia, tom\u00f3 la decisi\u00f3n de quitarse la vida al tocar un pilar de luz en un espacio p\u00fablico, el cual a\u00fan se encontraba h\u00famedo por una reciente [&hellip;]<\/p>\n","protected":false},"author":2,"featured_media":16504,"comment_status":"closed","ping_status":"open","sticky":false,"template":"","format":"standard","meta":{"footnotes":""},"categories":[3],"tags":[511,125],"class_list":{"0":"post-16503","1":"post","2":"type-post","3":"status-publish","4":"format-standard","5":"has-post-thumbnail","7":"category-provinciales","8":"tag-bloque-2","9":"tag-corrientes"},"_links":{"self":[{"href":"https:\/\/zoomproducciones.com.ar\/zoomp\/wp-json\/wp\/v2\/posts\/16503","targetHints":{"allow":["GET"]}}],"collection":[{"href":"https:\/\/zoomproducciones.com.ar\/zoomp\/wp-json\/wp\/v2\/posts"}],"about":[{"href":"https:\/\/zoomproducciones.com.ar\/zoomp\/wp-json\/wp\/v2\/types\/post"}],"author":[{"embeddable":true,"href":"https:\/\/zoomproducciones.com.ar\/zoomp\/wp-json\/wp\/v2\/users\/2"}],"replies":[{"embeddable":true,"href":"https:\/\/zoomproducciones.com.ar\/zoomp\/wp-json\/wp\/v2\/comments?post=16503"}],"version-history":[{"count":2,"href":"https:\/\/zoomproducciones.com.ar\/zoomp\/wp-json\/wp\/v2\/posts\/16503\/revisions"}],"predecessor-version":[{"id":16509,"href":"https:\/\/zoomproducciones.com.ar\/zoomp\/wp-json\/wp\/v2\/posts\/16503\/revisions\/16509"}],"wp:featuredmedia":[{"embeddable":true,"href":"https:\/\/zoomproducciones.com.ar\/zoomp\/wp-json\/wp\/v2\/media\/16504"}],"wp:attachment":[{"href":"https:\/\/zoomproducciones.com.ar\/zoomp\/wp-json\/wp\/v2\/media?parent=16503"}],"wp:term":[{"taxonomy":"category","embeddable":true,"href":"https:\/\/zoomproducciones.com.ar\/zoomp\/wp-json\/wp\/v2\/categories?post=16503"},{"taxonomy":"post_tag","embeddable":true,"href":"https:\/\/zoomproducciones.com.ar\/zoomp\/wp-json\/wp\/v2\/tags?post=16503"}],"curies":[{"name":"wp","href":"https:\/\/api.w.org\/{rel}","templated":true}]}}