{"id":16497,"date":"2024-06-17T07:57:12","date_gmt":"2024-06-17T10:57:12","guid":{"rendered":"http:\/\/zoomproducciones.com.ar\/zoomp\/?p=16497"},"modified":"2024-06-17T07:57:12","modified_gmt":"2024-06-17T10:57:12","slug":"di-tullio-exige-expulsion-de-scioli-kueider-y-espinola-del-pj-tras-votacion-de-ley-bases","status":"publish","type":"post","link":"https:\/\/zoomproducciones.com.ar\/zoomp\/di-tullio-exige-expulsion-de-scioli-kueider-y-espinola-del-pj-tras-votacion-de-ley-bases\/","title":{"rendered":"Di Tullio exige expulsi\u00f3n de Scioli, Kueider y Esp\u00ednola del PJ tras votaci\u00f3n de Ley Bases"},"content":{"rendered":"\n<p>La senadora nacional por la provincia de Buenos Aires, Juliana Di Tullio, exigi\u00f3 la expulsi\u00f3n de Daniel Scioli, Edgardo Kueider y Camau Esp\u00ednola del Partido Justicialista (PJ), en un contundente mensaje publicado este domingo en sus redes sociales.<\/p>\n\n\n\n<p>Di Tullio, en un d\u00eda cargado de simbolismo para el peronismo, el 16 de junio, aniversario del bombardeo a Plaza de Mayo de 1955, asegur\u00f3: \u00abHoy, d\u00eda que intentaron matar a Per\u00f3n con un bombardeo a plaza de Mayo, exijo la expulsi\u00f3n de Scioli, Kueider y Esp\u00ednola del partido justicialista en memoria de las 300 v\u00edctimas de ayer y de hoy\u00bb.<\/p>\n\n\n\n<p>La senadora, en su mensaje en X, critic\u00f3 la reciente votaci\u00f3n de la Ley de Bases por parte de los mencionados legisladores, afirmado que su postura se contrapone con los principios del peronismo.<\/p>\n\n\n\n<p>\u00abNo nos vencieron ni nos vencer\u00e1n. Sentimos orgullo de ser peronistas\u00bb, afirm\u00f3 Di Tullio, enfatizando la firmeza del peronismo frente a las adversidades.<\/p>\n","protected":false},"excerpt":{"rendered":"<p>La senadora nacional por la provincia de Buenos Aires, Juliana Di Tullio, exigi\u00f3 la expulsi\u00f3n de Daniel Scioli, Edgardo Kueider y Camau Esp\u00ednola del Partido Justicialista (PJ), en un contundente mensaje publicado este domingo en sus redes sociales. Di Tullio, en un d\u00eda cargado de simbolismo para el peronismo, el 16 de junio, aniversario del [&hellip;]<\/p>\n","protected":false},"author":2,"featured_media":16498,"comment_status":"closed","ping_status":"open","sticky":false,"template":"","format":"standard","meta":{"footnotes":""},"categories":[8],"tags":[118,511],"class_list":{"0":"post-16497","1":"post","2":"type-post","3":"status-publish","4":"format-standard","5":"has-post-thumbnail","7":"category-nacionales","8":"tag-argentina","9":"tag-bloque-2"},"_links":{"self":[{"href":"https:\/\/zoomproducciones.com.ar\/zoomp\/wp-json\/wp\/v2\/posts\/16497","targetHints":{"allow":["GET"]}}],"collection":[{"href":"https:\/\/zoomproducciones.com.ar\/zoomp\/wp-json\/wp\/v2\/posts"}],"about":[{"href":"https:\/\/zoomproducciones.com.ar\/zoomp\/wp-json\/wp\/v2\/types\/post"}],"author":[{"embeddable":true,"href":"https:\/\/zoomproducciones.com.ar\/zoomp\/wp-json\/wp\/v2\/users\/2"}],"replies":[{"embeddable":true,"href":"https:\/\/zoomproducciones.com.ar\/zoomp\/wp-json\/wp\/v2\/comments?post=16497"}],"version-history":[{"count":1,"href":"https:\/\/zoomproducciones.com.ar\/zoomp\/wp-json\/wp\/v2\/posts\/16497\/revisions"}],"predecessor-version":[{"id":16499,"href":"https:\/\/zoomproducciones.com.ar\/zoomp\/wp-json\/wp\/v2\/posts\/16497\/revisions\/16499"}],"wp:featuredmedia":[{"embeddable":true,"href":"https:\/\/zoomproducciones.com.ar\/zoomp\/wp-json\/wp\/v2\/media\/16498"}],"wp:attachment":[{"href":"https:\/\/zoomproducciones.com.ar\/zoomp\/wp-json\/wp\/v2\/media?parent=16497"}],"wp:term":[{"taxonomy":"category","embeddable":true,"href":"https:\/\/zoomproducciones.com.ar\/zoomp\/wp-json\/wp\/v2\/categories?post=16497"},{"taxonomy":"post_tag","embeddable":true,"href":"https:\/\/zoomproducciones.com.ar\/zoomp\/wp-json\/wp\/v2\/tags?post=16497"}],"curies":[{"name":"wp","href":"https:\/\/api.w.org\/{rel}","templated":true}]}}