{"id":16491,"date":"2024-06-17T07:50:54","date_gmt":"2024-06-17T10:50:54","guid":{"rendered":"http:\/\/zoomproducciones.com.ar\/zoomp\/?p=16491"},"modified":"2024-07-01T07:12:54","modified_gmt":"2024-07-01T10:12:54","slug":"padre-de-loan-sospecha-de-su-cunado-y-pareja-algo-no-me-cierra","status":"publish","type":"post","link":"https:\/\/zoomproducciones.com.ar\/zoomp\/padre-de-loan-sospecha-de-su-cunado-y-pareja-algo-no-me-cierra\/","title":{"rendered":"Padre de Loan sospecha de su cu\u00f1ado y pareja: \u00bbalgo no me cierra\u00bb"},"content":{"rendered":"\n<p>Jos\u00e9, padre de Loan, el nene de 5 a\u00f1os desaparecido en Corrientes, expres\u00f3 sus sospechas sobre su cu\u00f1ado y la pareja de este \u00faltimo, quienes se encuentran detenidos en relaci\u00f3n al caso.<strong> \u00abAlgo no me cierra\u00bb<\/strong>, afirm\u00f3 Jos\u00e9 en una entrevista con TN, revelando su creciente preocupaci\u00f3n.<\/p>\n\n\n\n<p>Jos\u00e9 reconstruy\u00f3 los \u00faltimos momentos con su hijo, cuando lo vio por \u00faltima vez alrededor de las 14:30: \u00ab<strong>Ellos -por los sospechosos- vinieron a almorzar porque conocen a mi madre. <\/strong>Siempre vienen, pero yo vengo cada 15 d\u00edas o un mes.<strong> No vi cuando mi hijo sali\u00f3<\/strong>\u00ab.<\/p>\n\n\n\n<p>Posteriormente, su cu\u00f1ado y su pareja salieron de la casa junto a Loan y otros ni\u00f1os. Al regresar, Jos\u00e9 not\u00f3 la ausencia de su hijo. <strong>\u00abLes pregunt\u00e9: &#8216;\u00bfLoan no estaba con ustedes?&#8217;<\/strong>. Me dijeron que se fueron a buscar naranjas, pero hab\u00eda naranjas en mi casa\u00bb, se\u00f1al\u00f3.<\/p>\n\n\n\n<p>\u00abEmpezamos a buscar y vine directo para ac\u00e1 -al lugar de la b\u00fasqueda-. Ellos no me dijeron nada. <strong>\u00bfC\u00f3mo van a llevar a la criatura ah\u00ed? \u00bfPor qu\u00e9 no piden permiso?<\/strong>\u00ab, cuestion\u00f3 el padre, calificando a los sospechosos de \u00abirresponsables\u00bb.<\/p>\n\n\n\n<p>\u00abNo tengo explicaci\u00f3n. Ac\u00e1 no pasa nadie, no hay autos ni camionetas. Ellos cuando vienen dicen que hacen as\u00ed, pero con mi hijo nunca. <strong>Algo no me est\u00e1 cerrando<\/strong>\u00ab, agreg\u00f3, evidenciando su desconfianza.<\/p>\n\n\n\n<p>Jos\u00e9 tambi\u00e9n revel\u00f3 que era la primera vez que Loan visitaba a su abuela. \u00ab<strong>Me dijo &#8216;llevame a la casa de la abuela&#8217; y vinimos a caballo\u00bb<\/strong>, record\u00f3.<\/p>\n\n\n\n<p><strong>Pistas en la Investigaci\u00f3n:<\/strong><\/p>\n\n\n\n<p>La Polic\u00eda de Corrientes detuvo a tres personas: el t\u00edo de Loan y una pareja amiga de este \u00faltimo, quienes habr\u00edan sido las \u00faltimas en ver al nene antes de su desaparici\u00f3n. Las investigaciones se centran en la pista de la zapatilla de Loan encontrada en una zona fangosa, donde se han detectado posibles huellas de ni\u00f1os. La posici\u00f3n de la zapatilla, en la superficie del barro, sugiere que no pas\u00f3 por ah\u00ed, lo que genera dudas entre los investigadores.<\/p>\n\n\n\n<p>El s\u00e1bado, un avi\u00f3n sobrevol\u00f3 la zona de b\u00fasqueda, alertando a los rescatistas sobre la presencia de pumas.<\/p>\n\n\n\n<p>La b\u00fasqueda de Loan contin\u00faa, con la esperanza de encontrarlo sano y salvo.<\/p>\n","protected":false},"excerpt":{"rendered":"<p>Jos\u00e9, padre de Loan, el nene de 5 a\u00f1os desaparecido en Corrientes, expres\u00f3 sus sospechas sobre su cu\u00f1ado y la pareja de este \u00faltimo, quienes se encuentran detenidos en relaci\u00f3n al caso. \u00abAlgo no me cierra\u00bb, afirm\u00f3 Jos\u00e9 en una entrevista con TN, revelando su creciente preocupaci\u00f3n. Jos\u00e9 reconstruy\u00f3 los \u00faltimos momentos con su hijo, [&hellip;]<\/p>\n","protected":false},"author":2,"featured_media":16492,"comment_status":"closed","ping_status":"open","sticky":false,"template":"","format":"standard","meta":{"footnotes":""},"categories":[533,3],"tags":[511,125],"class_list":{"0":"post-16491","1":"post","2":"type-post","3":"status-publish","4":"format-standard","5":"has-post-thumbnail","7":"category-caso-loan","8":"category-provinciales","9":"tag-bloque-2","10":"tag-corrientes"},"_links":{"self":[{"href":"https:\/\/zoomproducciones.com.ar\/zoomp\/wp-json\/wp\/v2\/posts\/16491","targetHints":{"allow":["GET"]}}],"collection":[{"href":"https:\/\/zoomproducciones.com.ar\/zoomp\/wp-json\/wp\/v2\/posts"}],"about":[{"href":"https:\/\/zoomproducciones.com.ar\/zoomp\/wp-json\/wp\/v2\/types\/post"}],"author":[{"embeddable":true,"href":"https:\/\/zoomproducciones.com.ar\/zoomp\/wp-json\/wp\/v2\/users\/2"}],"replies":[{"embeddable":true,"href":"https:\/\/zoomproducciones.com.ar\/zoomp\/wp-json\/wp\/v2\/comments?post=16491"}],"version-history":[{"count":1,"href":"https:\/\/zoomproducciones.com.ar\/zoomp\/wp-json\/wp\/v2\/posts\/16491\/revisions"}],"predecessor-version":[{"id":16496,"href":"https:\/\/zoomproducciones.com.ar\/zoomp\/wp-json\/wp\/v2\/posts\/16491\/revisions\/16496"}],"wp:featuredmedia":[{"embeddable":true,"href":"https:\/\/zoomproducciones.com.ar\/zoomp\/wp-json\/wp\/v2\/media\/16492"}],"wp:attachment":[{"href":"https:\/\/zoomproducciones.com.ar\/zoomp\/wp-json\/wp\/v2\/media?parent=16491"}],"wp:term":[{"taxonomy":"category","embeddable":true,"href":"https:\/\/zoomproducciones.com.ar\/zoomp\/wp-json\/wp\/v2\/categories?post=16491"},{"taxonomy":"post_tag","embeddable":true,"href":"https:\/\/zoomproducciones.com.ar\/zoomp\/wp-json\/wp\/v2\/tags?post=16491"}],"curies":[{"name":"wp","href":"https:\/\/api.w.org\/{rel}","templated":true}]}}