{"id":16485,"date":"2024-06-17T07:50:45","date_gmt":"2024-06-17T10:50:45","guid":{"rendered":"http:\/\/zoomproducciones.com.ar\/zoomp\/?p=16485"},"modified":"2024-06-17T07:50:45","modified_gmt":"2024-06-17T10:50:45","slug":"milei-desmiente-rumores-sobre-la-salida-de-mondino-y-refuerza-su-apoyo-a-la-canciller","status":"publish","type":"post","link":"https:\/\/zoomproducciones.com.ar\/zoomp\/milei-desmiente-rumores-sobre-la-salida-de-mondino-y-refuerza-su-apoyo-a-la-canciller\/","title":{"rendered":"Milei desmiente rumores sobre la salida de Mondino y refuerza su apoyo a la canciller"},"content":{"rendered":"\n<p>Javier Milei, presidente de Argentina, puso fin a las especulaciones sobre una posible desvinculaci\u00f3n de la canciller Diana Mondino, re-publicando en su cuenta de X un mensaje de apoyo a la ministra de Relaciones Exteriores y Culto.<\/p>\n\n\n\n<p>El mensaje, proveniente de la cuenta <a>@laladymondino<\/a>, dedicada a la \u00abmejor Canciller de la historia Argentina\u00bb, afirmaba: \u00ab\u2019La gira sin canciller\u2019 dec\u00edan los ensobrados. Javier Milei dando el discurso en Suiza junto a Diana Mondino y Karina Milei es todo lo que est\u00e1 bien\u00bb.<\/p>\n\n\n\n<p>Con este gesto, Milei desminti\u00f3 las versiones que apuntaban a un posible reemplazo de Mondino, a ra\u00edz de sus declaraciones en China y su supuesta inacci\u00f3n ante las relaciones con l\u00edderes de Colombia, M\u00e9xico, Espa\u00f1a y Brasil.<\/p>\n\n\n\n<p>Durante el fin de semana, Milei, acompa\u00f1ado por Mondino y el ministro de Defensa Luis Petri, particip\u00f3 en la inauguraci\u00f3n de la \u00abcumbre por la paz en Ucrania\u00bb, realizando una reuni\u00f3n previa con el presidente ucraniano Vol\u00f3dimir Zelenski.<\/p>\n\n\n\n<p>Milei regres\u00f3 a Buenos Aires para dos visitas m\u00e1s: Espa\u00f1a y Alemania. Mondino y Petri permanecer\u00e1n en Suiza representando al Presidente en las jornadas \u00abpor la paz\u00bb en Ucrania.<\/p>\n\n\n\n<p>La canciller viajar\u00e1 el lunes a Nueva York para pronunciar un discurso ante el Comit\u00e9 de Descolonizaci\u00f3n de las Naciones Unidas, en el que se volver\u00e1 a discutir la resoluci\u00f3n por la soberan\u00eda de las Islas Malvinas.<\/p>\n\n\n\n<p>Con este gesto p\u00fablico, Milei clarifica su posici\u00f3n y reafirma su confianza en la canciller Diana Mondino.<\/p>\n","protected":false},"excerpt":{"rendered":"<p>Javier Milei, presidente de Argentina, puso fin a las especulaciones sobre una posible desvinculaci\u00f3n de la canciller Diana Mondino, re-publicando en su cuenta de X un mensaje de apoyo a la ministra de Relaciones Exteriores y Culto. El mensaje, proveniente de la cuenta @laladymondino, dedicada a la \u00abmejor Canciller de la historia Argentina\u00bb, afirmaba: \u00ab\u2019La [&hellip;]<\/p>\n","protected":false},"author":2,"featured_media":16487,"comment_status":"closed","ping_status":"open","sticky":false,"template":"","format":"standard","meta":{"footnotes":""},"categories":[8],"tags":[118,511],"class_list":{"0":"post-16485","1":"post","2":"type-post","3":"status-publish","4":"format-standard","5":"has-post-thumbnail","7":"category-nacionales","8":"tag-argentina","9":"tag-bloque-2"},"_links":{"self":[{"href":"https:\/\/zoomproducciones.com.ar\/zoomp\/wp-json\/wp\/v2\/posts\/16485","targetHints":{"allow":["GET"]}}],"collection":[{"href":"https:\/\/zoomproducciones.com.ar\/zoomp\/wp-json\/wp\/v2\/posts"}],"about":[{"href":"https:\/\/zoomproducciones.com.ar\/zoomp\/wp-json\/wp\/v2\/types\/post"}],"author":[{"embeddable":true,"href":"https:\/\/zoomproducciones.com.ar\/zoomp\/wp-json\/wp\/v2\/users\/2"}],"replies":[{"embeddable":true,"href":"https:\/\/zoomproducciones.com.ar\/zoomp\/wp-json\/wp\/v2\/comments?post=16485"}],"version-history":[{"count":1,"href":"https:\/\/zoomproducciones.com.ar\/zoomp\/wp-json\/wp\/v2\/posts\/16485\/revisions"}],"predecessor-version":[{"id":16494,"href":"https:\/\/zoomproducciones.com.ar\/zoomp\/wp-json\/wp\/v2\/posts\/16485\/revisions\/16494"}],"wp:featuredmedia":[{"embeddable":true,"href":"https:\/\/zoomproducciones.com.ar\/zoomp\/wp-json\/wp\/v2\/media\/16487"}],"wp:attachment":[{"href":"https:\/\/zoomproducciones.com.ar\/zoomp\/wp-json\/wp\/v2\/media?parent=16485"}],"wp:term":[{"taxonomy":"category","embeddable":true,"href":"https:\/\/zoomproducciones.com.ar\/zoomp\/wp-json\/wp\/v2\/categories?post=16485"},{"taxonomy":"post_tag","embeddable":true,"href":"https:\/\/zoomproducciones.com.ar\/zoomp\/wp-json\/wp\/v2\/tags?post=16485"}],"curies":[{"name":"wp","href":"https:\/\/api.w.org\/{rel}","templated":true}]}}