{"id":16478,"date":"2024-06-17T07:33:05","date_gmt":"2024-06-17T10:33:05","guid":{"rendered":"http:\/\/zoomproducciones.com.ar\/zoomp\/?p=16478"},"modified":"2024-07-01T07:13:00","modified_gmt":"2024-07-01T10:13:00","slug":"amplian-la-busqueda-de-loan-tras-hallar-nuevas-pistas","status":"publish","type":"post","link":"https:\/\/zoomproducciones.com.ar\/zoomp\/amplian-la-busqueda-de-loan-tras-hallar-nuevas-pistas\/","title":{"rendered":"Ampl\u00edan la b\u00fasqueda de Loan tras hallar nuevas pistas"},"content":{"rendered":"\n<p>La b\u00fasqueda del nene de 5 a\u00f1os, Loan, desaparecido el jueves pasado en la localidad de 9 de Julio, Corrientes, se ha intensificado tras el hallazgo de nuevas pistas en la zona rural.<\/p>\n\n\n\n<p>Durante el rastrillaje del domingo se encontraron huellas y v\u00f3mito en una zona conocida como Estancia Las Lagunas, ubicada cruzando la Ruta Nacional N\u00b0123. Las huellas, seg\u00fan las primeras averiguaciones, corresponder\u00edan al tama\u00f1o de los pies de una persona menor.<\/p>\n\n\n\n<p>Tambi\u00e9n se encontr\u00f3 materia fecal, que se cree que, junto al v\u00f3mito, son relativamente recientes, de un tiempo no mayor a dos d\u00edas.<\/p>\n\n\n\n<p>Ante estos hallazgos, se ha ampliado el radio de b\u00fasqueda, sum\u00e1ndose al operativo el Ej\u00e9rcito, la Gendarmer\u00eda y la Polic\u00eda Federal. Hasta el domingo, las fuerzas de seguridad se encontraban rastrillando el paraje Algarrobal.<\/p>\n\n\n\n<p>El jefe de Relaciones Institucionales de la Polic\u00eda de Corrientes, el comisario mayor Sergio Aguilar, detall\u00f3 que las recorridas por el sector rural continuaron hasta la medianoche del domingo.<\/p>\n\n\n\n<p>Con el objetivo de difundir la imagen de Loan y facilitar su b\u00fasqueda, se ha implementado la alerta Sof\u00eda, que tiene una duraci\u00f3n de 24 horas y puede extenderse por otras 24 m\u00e1s, seg\u00fan confirm\u00f3 la Coordinadora de B\u00fasqueda de Personas Desaparecidas del Ministerio de Seguridad de la Naci\u00f3n, Leticia Risco.<\/p>\n\n\n\n<p>Loan desapareci\u00f3 el jueves 13 de junio, cerca de las 14:30, mientras estaba con sus primos y tres adultos en la casa de su abuela en el paraje Algarrobal. Estas ser\u00edan las \u00faltimas personas que lo vieron con vida: su t\u00edo y una pareja amiga de este \u00faltimo.<\/p>\n\n\n<div class=\"wp-block-image\">\n<figure class=\"aligncenter size-full\"><a href=\"http:\/\/zoomproducciones.com.ar\/zoomp\/wp-content\/uploads\/2024\/06\/image-80.png\"><img loading=\"lazy\" decoding=\"async\" width=\"377\" height=\"212\" src=\"http:\/\/zoomproducciones.com.ar\/zoomp\/wp-content\/uploads\/2024\/06\/image-80.png\" alt=\"\" class=\"wp-image-16479\" srcset=\"https:\/\/zoomproducciones.com.ar\/zoomp\/wp-content\/uploads\/2024\/06\/image-80.png 377w, https:\/\/zoomproducciones.com.ar\/zoomp\/wp-content\/uploads\/2024\/06\/image-80-300x169.png 300w\" sizes=\"auto, (max-width: 377px) 100vw, 377px\" \/><\/a><\/figure>\n<\/div>\n\n\n<p>La investigaci\u00f3n se centra en un Volkswagen Boyage color gris, que podr\u00eda haber sido utilizado para trasladar al nene. Las tres personas que acompa\u00f1aban a Loan se encuentran detenidas.<\/p>\n\n\n\n<p>La b\u00fasqueda contin\u00faa con intensidad, con la esperanza de encontrar al peque\u00f1o Loan sano y salvo.<\/p>\n\n\n\n<p>Informaci\u00f3n de <a href=\"http:\/\/ellitoral.com.ar\" data-type=\"link\" data-id=\"ellitoral.com.ar\">ellitoral.com.ar<\/a><\/p>\n","protected":false},"excerpt":{"rendered":"<p>La b\u00fasqueda del nene de 5 a\u00f1os, Loan, desaparecido el jueves pasado en la localidad de 9 de Julio, Corrientes, se ha intensificado tras el hallazgo de nuevas pistas en la zona rural. Durante el rastrillaje del domingo se encontraron huellas y v\u00f3mito en una zona conocida como Estancia Las Lagunas, ubicada cruzando la Ruta [&hellip;]<\/p>\n","protected":false},"author":2,"featured_media":16481,"comment_status":"closed","ping_status":"open","sticky":false,"template":"","format":"standard","meta":{"footnotes":""},"categories":[533,3],"tags":[118,125,42],"class_list":{"0":"post-16478","1":"post","2":"type-post","3":"status-publish","4":"format-standard","5":"has-post-thumbnail","7":"category-caso-loan","8":"category-provinciales","9":"tag-argentina","10":"tag-corrientes","11":"tag-featured"},"_links":{"self":[{"href":"https:\/\/zoomproducciones.com.ar\/zoomp\/wp-json\/wp\/v2\/posts\/16478","targetHints":{"allow":["GET"]}}],"collection":[{"href":"https:\/\/zoomproducciones.com.ar\/zoomp\/wp-json\/wp\/v2\/posts"}],"about":[{"href":"https:\/\/zoomproducciones.com.ar\/zoomp\/wp-json\/wp\/v2\/types\/post"}],"author":[{"embeddable":true,"href":"https:\/\/zoomproducciones.com.ar\/zoomp\/wp-json\/wp\/v2\/users\/2"}],"replies":[{"embeddable":true,"href":"https:\/\/zoomproducciones.com.ar\/zoomp\/wp-json\/wp\/v2\/comments?post=16478"}],"version-history":[{"count":3,"href":"https:\/\/zoomproducciones.com.ar\/zoomp\/wp-json\/wp\/v2\/posts\/16478\/revisions"}],"predecessor-version":[{"id":16507,"href":"https:\/\/zoomproducciones.com.ar\/zoomp\/wp-json\/wp\/v2\/posts\/16478\/revisions\/16507"}],"wp:featuredmedia":[{"embeddable":true,"href":"https:\/\/zoomproducciones.com.ar\/zoomp\/wp-json\/wp\/v2\/media\/16481"}],"wp:attachment":[{"href":"https:\/\/zoomproducciones.com.ar\/zoomp\/wp-json\/wp\/v2\/media?parent=16478"}],"wp:term":[{"taxonomy":"category","embeddable":true,"href":"https:\/\/zoomproducciones.com.ar\/zoomp\/wp-json\/wp\/v2\/categories?post=16478"},{"taxonomy":"post_tag","embeddable":true,"href":"https:\/\/zoomproducciones.com.ar\/zoomp\/wp-json\/wp\/v2\/tags?post=16478"}],"curies":[{"name":"wp","href":"https:\/\/api.w.org\/{rel}","templated":true}]}}