{"id":16476,"date":"2024-06-17T07:33:01","date_gmt":"2024-06-17T10:33:01","guid":{"rendered":"http:\/\/zoomproducciones.com.ar\/zoomp\/?p=16476"},"modified":"2024-06-17T08:44:52","modified_gmt":"2024-06-17T11:44:52","slug":"organizaciones-sociales-convocan-a-la-libertad-de-los-detenidos-tras-las-protestas-en-el-congreso","status":"publish","type":"post","link":"https:\/\/zoomproducciones.com.ar\/zoomp\/organizaciones-sociales-convocan-a-la-libertad-de-los-detenidos-tras-las-protestas-en-el-congreso\/","title":{"rendered":"Organizaciones sociales convocan a la libertad de los detenidos tras las protestas en el Congreso"},"content":{"rendered":"\n<p>Organizaciones sociales han llamado a una autoconvocatoria este lunes 17 a las 11:30hs en la puerta del Servicio de Paz y Justicia (SERPAJ), Piedras 730, para reclamar la \u00ablibertad inmediata\u00bb de los detenidos durante la votaci\u00f3n de la Ley Bases el pasado mi\u00e9rcoles en las inmediaciones del Congreso.<\/p>\n\n\n\n<p>La movilizaci\u00f3n est\u00e1 abierta a \u00abtodos los sectores\u00bb que se consideran \u00abdemocr\u00e1ticos\u00bb y busca impulsar una campa\u00f1a unitaria, nacional e internacional por la liberaci\u00f3n de los detenidos. Se ha planteado la posibilidad de una marcha a Plaza de Mayo el martes 18 a las 17hs.<\/p>\n\n\n\n<p>Seg\u00fan la Coordinadora contra la Represi\u00f3n Policial e Institucional (CORREPI), de las 35 personas detenidas, 22 est\u00e1n a disposici\u00f3n de la fiscal\u00eda de la Ciudad de Buenos Aires y 13 del Juzgado Federal Nro. 1.<\/p>\n\n\n\n<p>La Uni\u00f3n de Trabajadores de la Educaci\u00f3n (UTE) se ha sumado a la convocatoria, expresando su \u00abprofundo repudio\u00bb al accionar de las fuerzas de seguridad, la justicia y el gobierno de Javier Milei y Victoria Villarruel.<\/p>\n\n\n\n<p>En un comunicado, UTE denunci\u00f3 la fabricaci\u00f3n de causas ileg\u00edtimas contra los detenidos, acusando al gobierno de querer \u00abentregar la patria\u00bb a trav\u00e9s de la Ley Bases.<\/p>\n\n\n\n<p>La SERPAJ, que ha sido elegida como punto de encuentro, es una organizaci\u00f3n social dedicada a la paz y los Derechos Humanos, promoviendo la No Violencia Activa.<\/p>\n\n\n\n<p>La convocatoria busca generar presi\u00f3n sobre el gobierno y las autoridades judiciales para que se libere a los detenidos y se investigue la actuaci\u00f3n policial durante las protestas.<\/p>\n","protected":false},"excerpt":{"rendered":"<p>Organizaciones sociales han llamado a una autoconvocatoria este lunes 17 a las 11:30hs en la puerta del Servicio de Paz y Justicia (SERPAJ), Piedras 730, para reclamar la \u00ablibertad inmediata\u00bb de los detenidos durante la votaci\u00f3n de la Ley Bases el pasado mi\u00e9rcoles en las inmediaciones del Congreso. La movilizaci\u00f3n est\u00e1 abierta a \u00abtodos los [&hellip;]<\/p>\n","protected":false},"author":2,"featured_media":16477,"comment_status":"closed","ping_status":"open","sticky":false,"template":"","format":"standard","meta":{"footnotes":""},"categories":[8],"tags":[118,42],"class_list":{"0":"post-16476","1":"post","2":"type-post","3":"status-publish","4":"format-standard","5":"has-post-thumbnail","7":"category-nacionales","8":"tag-argentina","9":"tag-featured"},"_links":{"self":[{"href":"https:\/\/zoomproducciones.com.ar\/zoomp\/wp-json\/wp\/v2\/posts\/16476","targetHints":{"allow":["GET"]}}],"collection":[{"href":"https:\/\/zoomproducciones.com.ar\/zoomp\/wp-json\/wp\/v2\/posts"}],"about":[{"href":"https:\/\/zoomproducciones.com.ar\/zoomp\/wp-json\/wp\/v2\/types\/post"}],"author":[{"embeddable":true,"href":"https:\/\/zoomproducciones.com.ar\/zoomp\/wp-json\/wp\/v2\/users\/2"}],"replies":[{"embeddable":true,"href":"https:\/\/zoomproducciones.com.ar\/zoomp\/wp-json\/wp\/v2\/comments?post=16476"}],"version-history":[{"count":2,"href":"https:\/\/zoomproducciones.com.ar\/zoomp\/wp-json\/wp\/v2\/posts\/16476\/revisions"}],"predecessor-version":[{"id":16508,"href":"https:\/\/zoomproducciones.com.ar\/zoomp\/wp-json\/wp\/v2\/posts\/16476\/revisions\/16508"}],"wp:featuredmedia":[{"embeddable":true,"href":"https:\/\/zoomproducciones.com.ar\/zoomp\/wp-json\/wp\/v2\/media\/16477"}],"wp:attachment":[{"href":"https:\/\/zoomproducciones.com.ar\/zoomp\/wp-json\/wp\/v2\/media?parent=16476"}],"wp:term":[{"taxonomy":"category","embeddable":true,"href":"https:\/\/zoomproducciones.com.ar\/zoomp\/wp-json\/wp\/v2\/categories?post=16476"},{"taxonomy":"post_tag","embeddable":true,"href":"https:\/\/zoomproducciones.com.ar\/zoomp\/wp-json\/wp\/v2\/tags?post=16476"}],"curies":[{"name":"wp","href":"https:\/\/api.w.org\/{rel}","templated":true}]}}