{"id":16474,"date":"2024-06-17T07:33:03","date_gmt":"2024-06-17T10:33:03","guid":{"rendered":"http:\/\/zoomproducciones.com.ar\/zoomp\/?p=16474"},"modified":"2024-06-17T07:33:04","modified_gmt":"2024-06-17T10:33:04","slug":"milei-confirma-su-presencia-en-los-festejos-por-el-dia-de-la-bandera-en-rosario","status":"publish","type":"post","link":"https:\/\/zoomproducciones.com.ar\/zoomp\/milei-confirma-su-presencia-en-los-festejos-por-el-dia-de-la-bandera-en-rosario\/","title":{"rendered":"Milei confirma su presencia en los festejos por el D\u00eda de la Bandera en Rosario"},"content":{"rendered":"\n<p>El presidente Javier Milei estar\u00e1 presente en los festejos por el D\u00eda de la Bandera en Rosario el pr\u00f3ximo jueves 20 de junio, seg\u00fan confirm\u00f3 su vocero Manuel Adorni a trav\u00e9s de su canal de WhatsApp.<\/p>\n\n\n\n<p>La invitaci\u00f3n formal para que Milei participe del acto oficial ya hab\u00eda sido cursada por los canales protocolares, aunque el municipio a\u00fan no hab\u00eda recibido confirmaci\u00f3n.<\/p>\n\n\n\n<p>\u00abComo todos los a\u00f1os fueron invitadas todas las autoridades nacionales\u00bb, asegur\u00f3 el secretario de Gobierno de la Municipalidad de Rosario, Sebasti\u00e1n Chale, dejando la confirmaci\u00f3n final en manos de Casa Militar y Protocolo de Presidencia de la Naci\u00f3n.<\/p>\n\n\n\n<p>Adem\u00e1s de Milei, entidades y asociaciones de Rosario tambi\u00e9n convocaron al intendente Pablo Javkin y al gobernador Maximiliano Pullaro a participar en el Monumento del 204\u00ba aniversario del paso a la inmortalidad del general Manuel Belgrano.<\/p>\n\n\n\n<p>\u00abCelebremos al hombre, al pr\u00f3cer y a nuestra bandera nacional, s\u00edmbolo de uni\u00f3n e identidad\u00bb, indicaron en un comunicado conjunto.<\/p>\n\n\n\n<p>La presencia de Milei en Rosario para el D\u00eda de la Bandera promete un acto con gran atenci\u00f3n medi\u00e1tica, en medio de un clima pol\u00edtico tenso en Argentina.<\/p>\n","protected":false},"excerpt":{"rendered":"<p>El presidente Javier Milei estar\u00e1 presente en los festejos por el D\u00eda de la Bandera en Rosario el pr\u00f3ximo jueves 20 de junio, seg\u00fan confirm\u00f3 su vocero Manuel Adorni a trav\u00e9s de su canal de WhatsApp. La invitaci\u00f3n formal para que Milei participe del acto oficial ya hab\u00eda sido cursada por los canales protocolares, aunque [&hellip;]<\/p>\n","protected":false},"author":2,"featured_media":16475,"comment_status":"closed","ping_status":"open","sticky":false,"template":"","format":"standard","meta":{"footnotes":""},"categories":[8],"tags":[42,116],"class_list":{"0":"post-16474","1":"post","2":"type-post","3":"status-publish","4":"format-standard","5":"has-post-thumbnail","7":"category-nacionales","8":"tag-featured","9":"tag-paso-de-los-libres"},"_links":{"self":[{"href":"https:\/\/zoomproducciones.com.ar\/zoomp\/wp-json\/wp\/v2\/posts\/16474","targetHints":{"allow":["GET"]}}],"collection":[{"href":"https:\/\/zoomproducciones.com.ar\/zoomp\/wp-json\/wp\/v2\/posts"}],"about":[{"href":"https:\/\/zoomproducciones.com.ar\/zoomp\/wp-json\/wp\/v2\/types\/post"}],"author":[{"embeddable":true,"href":"https:\/\/zoomproducciones.com.ar\/zoomp\/wp-json\/wp\/v2\/users\/2"}],"replies":[{"embeddable":true,"href":"https:\/\/zoomproducciones.com.ar\/zoomp\/wp-json\/wp\/v2\/comments?post=16474"}],"version-history":[{"count":1,"href":"https:\/\/zoomproducciones.com.ar\/zoomp\/wp-json\/wp\/v2\/posts\/16474\/revisions"}],"predecessor-version":[{"id":16483,"href":"https:\/\/zoomproducciones.com.ar\/zoomp\/wp-json\/wp\/v2\/posts\/16474\/revisions\/16483"}],"wp:featuredmedia":[{"embeddable":true,"href":"https:\/\/zoomproducciones.com.ar\/zoomp\/wp-json\/wp\/v2\/media\/16475"}],"wp:attachment":[{"href":"https:\/\/zoomproducciones.com.ar\/zoomp\/wp-json\/wp\/v2\/media?parent=16474"}],"wp:term":[{"taxonomy":"category","embeddable":true,"href":"https:\/\/zoomproducciones.com.ar\/zoomp\/wp-json\/wp\/v2\/categories?post=16474"},{"taxonomy":"post_tag","embeddable":true,"href":"https:\/\/zoomproducciones.com.ar\/zoomp\/wp-json\/wp\/v2\/tags?post=16474"}],"curies":[{"name":"wp","href":"https:\/\/api.w.org\/{rel}","templated":true}]}}