{"id":16402,"date":"2024-06-13T07:39:23","date_gmt":"2024-06-13T10:39:23","guid":{"rendered":"http:\/\/zoomproducciones.com.ar\/zoomp\/?p=16402"},"modified":"2024-06-13T10:28:36","modified_gmt":"2024-06-13T13:28:36","slug":"ascua-sobre-camau-espinola-y-la-ley-bases-nos-vuelve-a-dar-la-espalda","status":"publish","type":"post","link":"https:\/\/zoomproducciones.com.ar\/zoomp\/ascua-sobre-camau-espinola-y-la-ley-bases-nos-vuelve-a-dar-la-espalda\/","title":{"rendered":"Asc\u00faa sobre Camau Esp\u00ednola y la Ley Bases: \u00abnos vuelve a dar la espalda\u00bb"},"content":{"rendered":"\n<p>El intendente de Paso de los Libres, Mart\u00edn Asc\u00faa, se expres\u00f3 v\u00eda redes sociales sobre la aprobaci\u00f3n de la Ley de Bases y el paquete fiscal. \u00bbVeo que hemos dado un nuevo paso hacia un pa\u00eds menos productivo y m\u00e1s desigual\u00bb. Adem\u00e1s, sum\u00f3 cr\u00edticas a los senadores correntinos y dej\u00f3 en claro lo que piensa de Carlos Esp\u00ednola. <\/p>\n\n\n\n<p>\u00bbCon tristeza,  <strong>veo que hemos dado un nuevo paso hacia un pa\u00eds menos productivo<\/strong> y m\u00e1s desigual. Hacia una econom\u00eda primarizada, donde la prioridad no es el trabajo para nuestra gente, sino la explotaci\u00f3n sin l\u00edmites de nuestros recursos naturales para ganancia de los capitales extranjeros\u00bb coment\u00f3. <\/p>\n\n\n\n<p>\u00bbCon impotencia, veo que quienes representan a Corrientes no defienden a los correntinos. Que el senador <strong>Camau Esp\u00ednola, <\/strong>que fue elegido por el peronismo para defender al pueblo correntino, <strong>nos vuelve a dar la espalda.<\/strong> Y que gracias a su voto, permite la aprobaci\u00f3n de una ley que traer\u00e1 dolor y pobreza para la enorme mayor\u00eda de ese pueblo que lo eligi\u00f3\u00bb critic\u00f3 fuertemente Asc\u00faa. <\/p>\n\n\n\n<p>\u00bbVeo que al igual que en los \u00faltimos 20 a\u00f1os<strong>, el gobernador Vald\u00e9s, sus senadores y su espacio pol\u00edtic<\/strong>o de nuevo no han podido, no han sabido o no han querido<strong> aportar para construir un pa\u00eds y una provincia m\u00e1s pr\u00f3spera<\/strong> y con m\u00e1s oportunidades\u00bb expres\u00f3. <\/p>\n\n\n\n<p>Finalizando, agreg\u00f3: \u00bbCon mucha preocupaci\u00f3n veo que el odio, demasiadas veces agitado desde los lugares de poder, gan\u00f3 las calles en forma de agresi\u00f3n y represi\u00f3n. Nuestro pa\u00eds tiene todo para salir adelante. Nuestra provincia tambi\u00e9n. Pero no es por ac\u00e1\u00bb. <\/p>\n","protected":false},"excerpt":{"rendered":"<p>El intendente de Paso de los Libres, Mart\u00edn Asc\u00faa, se expres\u00f3 v\u00eda redes sociales sobre la aprobaci\u00f3n de la Ley de Bases y el paquete fiscal. \u00bbVeo que hemos dado un nuevo paso hacia un pa\u00eds menos productivo y m\u00e1s desigual\u00bb. Adem\u00e1s, sum\u00f3 cr\u00edticas a los senadores correntinos y dej\u00f3 en claro lo que piensa [&hellip;]<\/p>\n","protected":false},"author":2,"featured_media":16405,"comment_status":"closed","ping_status":"open","sticky":false,"template":"","format":"standard","meta":{"footnotes":""},"categories":[5],"tags":[42,116],"class_list":{"0":"post-16402","1":"post","2":"type-post","3":"status-publish","4":"format-standard","5":"has-post-thumbnail","7":"category-locales","8":"tag-featured","9":"tag-paso-de-los-libres"},"_links":{"self":[{"href":"https:\/\/zoomproducciones.com.ar\/zoomp\/wp-json\/wp\/v2\/posts\/16402","targetHints":{"allow":["GET"]}}],"collection":[{"href":"https:\/\/zoomproducciones.com.ar\/zoomp\/wp-json\/wp\/v2\/posts"}],"about":[{"href":"https:\/\/zoomproducciones.com.ar\/zoomp\/wp-json\/wp\/v2\/types\/post"}],"author":[{"embeddable":true,"href":"https:\/\/zoomproducciones.com.ar\/zoomp\/wp-json\/wp\/v2\/users\/2"}],"replies":[{"embeddable":true,"href":"https:\/\/zoomproducciones.com.ar\/zoomp\/wp-json\/wp\/v2\/comments?post=16402"}],"version-history":[{"count":2,"href":"https:\/\/zoomproducciones.com.ar\/zoomp\/wp-json\/wp\/v2\/posts\/16402\/revisions"}],"predecessor-version":[{"id":16435,"href":"https:\/\/zoomproducciones.com.ar\/zoomp\/wp-json\/wp\/v2\/posts\/16402\/revisions\/16435"}],"wp:featuredmedia":[{"embeddable":true,"href":"https:\/\/zoomproducciones.com.ar\/zoomp\/wp-json\/wp\/v2\/media\/16405"}],"wp:attachment":[{"href":"https:\/\/zoomproducciones.com.ar\/zoomp\/wp-json\/wp\/v2\/media?parent=16402"}],"wp:term":[{"taxonomy":"category","embeddable":true,"href":"https:\/\/zoomproducciones.com.ar\/zoomp\/wp-json\/wp\/v2\/categories?post=16402"},{"taxonomy":"post_tag","embeddable":true,"href":"https:\/\/zoomproducciones.com.ar\/zoomp\/wp-json\/wp\/v2\/tags?post=16402"}],"curies":[{"name":"wp","href":"https:\/\/api.w.org\/{rel}","templated":true}]}}