{"id":16381,"date":"2024-06-18T08:32:52","date_gmt":"2024-06-18T11:32:52","guid":{"rendered":"http:\/\/zoomproducciones.com.ar\/zoomp\/?p=16381"},"modified":"2024-06-18T08:32:15","modified_gmt":"2024-06-18T11:32:15","slug":"gran-venta-de-locro-para-a-beneficio-de-estudiantes-que-van-a-participar-del-desafio-eco-ypf","status":"publish","type":"post","link":"https:\/\/zoomproducciones.com.ar\/zoomp\/gran-venta-de-locro-para-a-beneficio-de-estudiantes-que-van-a-participar-del-desafio-eco-ypf\/","title":{"rendered":"Gran venta de locro a beneficio de estudiantes que van a participar del Desaf\u00edo ECO YPF"},"content":{"rendered":"\n<p>Para el 20 de junio, alumnos de la Escuela T\u00e9cnica N\u00b01 de Paso de los Libres, junto a docentes y allegados, organizar\u00e1n una venta de locro que ayude a la instituci\u00f3n a recaudar fondos y as\u00ed solventar gastos de cara a la reconocida competencia de deportes de motor, de la que ser\u00e1n parte.<\/p>\n\n\n\n<p>En el flyer promocional que divulg\u00f3 el grupo de trabajo se dio a conocer que la porci\u00f3n tendr\u00e1 un costo de 3.500 pesos y se retirar\u00e1 por calle Velazco. Tambi\u00e9n, se publicaron los n\u00fameros telef\u00f3nicos para hacer las reservas: <strong>3772556587<\/strong> y <strong>3772406537<\/strong>.  <\/p>\n\n\n<div class=\"wp-block-image\">\n<figure class=\"aligncenter size-large is-resized\"><a href=\"http:\/\/zoomproducciones.com.ar\/zoomp\/wp-content\/uploads\/2024\/06\/WhatsApp-Image-2024-06-12-at-09.09.29.jpeg\"><img loading=\"lazy\" decoding=\"async\" width=\"1024\" height=\"1024\" src=\"http:\/\/zoomproducciones.com.ar\/zoomp\/wp-content\/uploads\/2024\/06\/WhatsApp-Image-2024-06-12-at-09.09.29-1024x1024.jpeg\" alt=\"\" class=\"wp-image-16382\" style=\"width:534px;height:auto\" srcset=\"https:\/\/zoomproducciones.com.ar\/zoomp\/wp-content\/uploads\/2024\/06\/WhatsApp-Image-2024-06-12-at-09.09.29-1024x1024.jpeg 1024w, https:\/\/zoomproducciones.com.ar\/zoomp\/wp-content\/uploads\/2024\/06\/WhatsApp-Image-2024-06-12-at-09.09.29-300x300.jpeg 300w, https:\/\/zoomproducciones.com.ar\/zoomp\/wp-content\/uploads\/2024\/06\/WhatsApp-Image-2024-06-12-at-09.09.29-150x150.jpeg 150w, https:\/\/zoomproducciones.com.ar\/zoomp\/wp-content\/uploads\/2024\/06\/WhatsApp-Image-2024-06-12-at-09.09.29-768x768.jpeg 768w, https:\/\/zoomproducciones.com.ar\/zoomp\/wp-content\/uploads\/2024\/06\/WhatsApp-Image-2024-06-12-at-09.09.29-80x80.jpeg 80w, https:\/\/zoomproducciones.com.ar\/zoomp\/wp-content\/uploads\/2024\/06\/WhatsApp-Image-2024-06-12-at-09.09.29.jpeg 1080w\" sizes=\"auto, (max-width: 1024px) 100vw, 1024px\" \/><\/a><\/figure>\n<\/div>\n\n\n<p><\/p>\n\n\n\n<p style=\"font-size:22px\"><strong>\u00bfDe qu\u00e9 se trata la competencia que participar\u00e1n los alumnos de la Escuela T\u00e9cnica? <\/strong><\/p>\n\n\n\n<p>El Desaf\u00edo ECO YPF es un certamen en donde alumnos de escuelas t\u00e9cnicas de todo el pa\u00eds dise\u00f1an veh\u00edculos el\u00e9ctricos de emisi\u00f3n cero y participan de una carrera \u00fanica en el Aut\u00f3dromo de la Ciudad de Buenos Aires. Es organizado por la Fundaci\u00f3n YPF y supervisada por el Autom\u00f3vil Club Argentino (ACA),\u00a0promueve el dise\u00f1o de autom\u00f3viles ecol\u00f3gicos y la integraci\u00f3n de la tecnolog\u00eda con la educaci\u00f3n.<\/p>\n\n\n\n<p><\/p>\n","protected":false},"excerpt":{"rendered":"<p>Para el 20 de junio, alumnos de la Escuela T\u00e9cnica N\u00b01 de Paso de los Libres, junto a docentes y allegados, organizar\u00e1n una venta de locro que ayude a la instituci\u00f3n a recaudar fondos y as\u00ed solventar gastos de cara a la reconocida competencia de deportes de motor, de la que ser\u00e1n parte. En el [&hellip;]<\/p>\n","protected":false},"author":2,"featured_media":16383,"comment_status":"closed","ping_status":"open","sticky":false,"template":"","format":"standard","meta":{"footnotes":""},"categories":[5],"tags":[511,116],"class_list":{"0":"post-16381","1":"post","2":"type-post","3":"status-publish","4":"format-standard","5":"has-post-thumbnail","7":"category-locales","8":"tag-bloque-2","9":"tag-paso-de-los-libres"},"_links":{"self":[{"href":"https:\/\/zoomproducciones.com.ar\/zoomp\/wp-json\/wp\/v2\/posts\/16381","targetHints":{"allow":["GET"]}}],"collection":[{"href":"https:\/\/zoomproducciones.com.ar\/zoomp\/wp-json\/wp\/v2\/posts"}],"about":[{"href":"https:\/\/zoomproducciones.com.ar\/zoomp\/wp-json\/wp\/v2\/types\/post"}],"author":[{"embeddable":true,"href":"https:\/\/zoomproducciones.com.ar\/zoomp\/wp-json\/wp\/v2\/users\/2"}],"replies":[{"embeddable":true,"href":"https:\/\/zoomproducciones.com.ar\/zoomp\/wp-json\/wp\/v2\/comments?post=16381"}],"version-history":[{"count":6,"href":"https:\/\/zoomproducciones.com.ar\/zoomp\/wp-json\/wp\/v2\/posts\/16381\/revisions"}],"predecessor-version":[{"id":16392,"href":"https:\/\/zoomproducciones.com.ar\/zoomp\/wp-json\/wp\/v2\/posts\/16381\/revisions\/16392"}],"wp:featuredmedia":[{"embeddable":true,"href":"https:\/\/zoomproducciones.com.ar\/zoomp\/wp-json\/wp\/v2\/media\/16383"}],"wp:attachment":[{"href":"https:\/\/zoomproducciones.com.ar\/zoomp\/wp-json\/wp\/v2\/media?parent=16381"}],"wp:term":[{"taxonomy":"category","embeddable":true,"href":"https:\/\/zoomproducciones.com.ar\/zoomp\/wp-json\/wp\/v2\/categories?post=16381"},{"taxonomy":"post_tag","embeddable":true,"href":"https:\/\/zoomproducciones.com.ar\/zoomp\/wp-json\/wp\/v2\/tags?post=16381"}],"curies":[{"name":"wp","href":"https:\/\/api.w.org\/{rel}","templated":true}]}}