{"id":16378,"date":"2024-06-12T09:14:36","date_gmt":"2024-06-12T12:14:36","guid":{"rendered":"http:\/\/zoomproducciones.com.ar\/zoomp\/?p=16378"},"modified":"2024-06-12T09:14:36","modified_gmt":"2024-06-12T12:14:36","slug":"mario-bofil-cursa-su-cuarto-dia-de-internacion-estable-sin-la-aparicion-de-nuevos-eventos-clinicos","status":"publish","type":"post","link":"https:\/\/zoomproducciones.com.ar\/zoomp\/mario-bofil-cursa-su-cuarto-dia-de-internacion-estable-sin-la-aparicion-de-nuevos-eventos-clinicos\/","title":{"rendered":"Mario Bofil cursa su cuarto d\u00eda de internaci\u00f3n: \u00abestable sin la aparici\u00f3n de nuevos eventos cl\u00ednicos\u00bb"},"content":{"rendered":"\n<p>El Instituto de Cardiolog\u00eda emiti\u00f3 un nuevo parte m\u00e9dico sobre el estado de salud de Mario Bofill, quien se encuentra internado en ese centro desde el domingo por la tarde a causa de un cuadro cl\u00ednico de d\u00e9ficit neurol\u00f3gico transitorio.&nbsp;<\/p>\n\n\n\n<p>En el comunicado indicaron que el m\u00fasico cantautor cursa su cuarto d\u00eda de internaci\u00f3n y que se encuentra \u00abestable sin la aparici\u00f3n de nuevos eventos cl\u00ednicos, l\u00facido y colaborador, con movilidad activa conservada y persistencia de los trastornos motores faciales, deglutorios y de habla, por lo que est\u00e1 realizando tratamiento de rehabilitaci\u00f3n espec\u00edfico para ello, adem\u00e1s de los tratamientos farmacol\u00f3gicos\u00bb.<\/p>\n\n\n\n<p>A su vez, indicaron que \u00a0el pr\u00f3ximo parte m\u00e9dico ser\u00e1 realizado oportunamente cuando existan novedades relevantes.<br><br><\/p>\n","protected":false},"excerpt":{"rendered":"<p>El Instituto de Cardiolog\u00eda emiti\u00f3 un nuevo parte m\u00e9dico sobre el estado de salud de Mario Bofill, quien se encuentra internado en ese centro desde el domingo por la tarde a causa de un cuadro cl\u00ednico de d\u00e9ficit neurol\u00f3gico transitorio.&nbsp; En el comunicado indicaron que el m\u00fasico cantautor cursa su cuarto d\u00eda de internaci\u00f3n y [&hellip;]<\/p>\n","protected":false},"author":2,"featured_media":16379,"comment_status":"closed","ping_status":"open","sticky":false,"template":"","format":"standard","meta":{"footnotes":""},"categories":[3],"tags":[511],"class_list":{"0":"post-16378","1":"post","2":"type-post","3":"status-publish","4":"format-standard","5":"has-post-thumbnail","7":"category-provinciales","8":"tag-bloque-2"},"_links":{"self":[{"href":"https:\/\/zoomproducciones.com.ar\/zoomp\/wp-json\/wp\/v2\/posts\/16378","targetHints":{"allow":["GET"]}}],"collection":[{"href":"https:\/\/zoomproducciones.com.ar\/zoomp\/wp-json\/wp\/v2\/posts"}],"about":[{"href":"https:\/\/zoomproducciones.com.ar\/zoomp\/wp-json\/wp\/v2\/types\/post"}],"author":[{"embeddable":true,"href":"https:\/\/zoomproducciones.com.ar\/zoomp\/wp-json\/wp\/v2\/users\/2"}],"replies":[{"embeddable":true,"href":"https:\/\/zoomproducciones.com.ar\/zoomp\/wp-json\/wp\/v2\/comments?post=16378"}],"version-history":[{"count":1,"href":"https:\/\/zoomproducciones.com.ar\/zoomp\/wp-json\/wp\/v2\/posts\/16378\/revisions"}],"predecessor-version":[{"id":16380,"href":"https:\/\/zoomproducciones.com.ar\/zoomp\/wp-json\/wp\/v2\/posts\/16378\/revisions\/16380"}],"wp:featuredmedia":[{"embeddable":true,"href":"https:\/\/zoomproducciones.com.ar\/zoomp\/wp-json\/wp\/v2\/media\/16379"}],"wp:attachment":[{"href":"https:\/\/zoomproducciones.com.ar\/zoomp\/wp-json\/wp\/v2\/media?parent=16378"}],"wp:term":[{"taxonomy":"category","embeddable":true,"href":"https:\/\/zoomproducciones.com.ar\/zoomp\/wp-json\/wp\/v2\/categories?post=16378"},{"taxonomy":"post_tag","embeddable":true,"href":"https:\/\/zoomproducciones.com.ar\/zoomp\/wp-json\/wp\/v2\/tags?post=16378"}],"curies":[{"name":"wp","href":"https:\/\/api.w.org\/{rel}","templated":true}]}}