{"id":16375,"date":"2024-06-12T09:07:33","date_gmt":"2024-06-12T12:07:33","guid":{"rendered":"http:\/\/zoomproducciones.com.ar\/zoomp\/?p=16375"},"modified":"2024-06-12T09:10:55","modified_gmt":"2024-06-12T12:10:55","slug":"gobernadores-de-juntos-por-el-cambio-alistan-una-cumbre-para-fin-de-mes","status":"publish","type":"post","link":"https:\/\/zoomproducciones.com.ar\/zoomp\/gobernadores-de-juntos-por-el-cambio-alistan-una-cumbre-para-fin-de-mes\/","title":{"rendered":"Gobernadores de Juntos por el Cambio alistan una cumbre para fin de mes"},"content":{"rendered":"\n<p>Tras el ruido pol\u00edtico del lunes, los gobernadores de Juntos por el Cambio (JxC) se reunieron ayer de forma remota y ratificaron los lineamientos del comunicado que emitieron para pedir que se apruebe la ley Bases y el paquete fiscal. Lo hicieron en un encuentro por Zoom del que particip\u00f3 la mayor\u00eda de los 10 mandatarios provinciales. Cuando se difundi\u00f3 el texto el lunes por la tarde, hubo dirigentes que salieron a marcar matices. Jorge Macri, de la Ciudad de Buenos Aires, confes\u00f3 que a\u00fan no hab\u00eda un acuerdo pleno sobre el mensaje. En tanto que Maximiliano Pullaro hab\u00eda planteado dudas.<\/p>\n\n\n\n<p>No obstante, ayer se pusieron en contacto todos y buscaron puntos de concordancia para ratificar el apoyo a la ley Bases. Seg\u00fan consign\u00f3 Infobae, quedaron en encontrarse presencialmente en una reuni\u00f3n que har\u00e1n el 26 de junio.<\/p>\n\n\n\n<p>As\u00ed, se espera que se re\u00fanan de nuevo los mandatarios Alfredo Cornejo (Mendoza), Gustavo Vald\u00e9s (Corrientes), Rogelio Frigerio (Entre R\u00edos), Ignacio Torres (Chubut), Carlos Sadir (Jujuy) acompa\u00f1ado por Gerardo Morales \u2013mandatario saliente\u2013, Leandro Zdero (Chaco), Marcelo Orrego (San Juan), Jorge Macri (CABA), Maximiliano Pullaro (Santa Fe) y Claudio Poggi (San Luis).&nbsp;<\/p>\n","protected":false},"excerpt":{"rendered":"<p>Tras el ruido pol\u00edtico del lunes, los gobernadores de Juntos por el Cambio (JxC) se reunieron ayer de forma remota y ratificaron los lineamientos del comunicado que emitieron para pedir que se apruebe la ley Bases y el paquete fiscal. Lo hicieron en un encuentro por Zoom del que particip\u00f3 la mayor\u00eda de los 10 [&hellip;]<\/p>\n","protected":false},"author":2,"featured_media":16376,"comment_status":"closed","ping_status":"open","sticky":false,"template":"","format":"standard","meta":{"footnotes":""},"categories":[8],"tags":[511],"class_list":{"0":"post-16375","1":"post","2":"type-post","3":"status-publish","4":"format-standard","5":"has-post-thumbnail","7":"category-nacionales","8":"tag-bloque-2"},"_links":{"self":[{"href":"https:\/\/zoomproducciones.com.ar\/zoomp\/wp-json\/wp\/v2\/posts\/16375","targetHints":{"allow":["GET"]}}],"collection":[{"href":"https:\/\/zoomproducciones.com.ar\/zoomp\/wp-json\/wp\/v2\/posts"}],"about":[{"href":"https:\/\/zoomproducciones.com.ar\/zoomp\/wp-json\/wp\/v2\/types\/post"}],"author":[{"embeddable":true,"href":"https:\/\/zoomproducciones.com.ar\/zoomp\/wp-json\/wp\/v2\/users\/2"}],"replies":[{"embeddable":true,"href":"https:\/\/zoomproducciones.com.ar\/zoomp\/wp-json\/wp\/v2\/comments?post=16375"}],"version-history":[{"count":1,"href":"https:\/\/zoomproducciones.com.ar\/zoomp\/wp-json\/wp\/v2\/posts\/16375\/revisions"}],"predecessor-version":[{"id":16377,"href":"https:\/\/zoomproducciones.com.ar\/zoomp\/wp-json\/wp\/v2\/posts\/16375\/revisions\/16377"}],"wp:featuredmedia":[{"embeddable":true,"href":"https:\/\/zoomproducciones.com.ar\/zoomp\/wp-json\/wp\/v2\/media\/16376"}],"wp:attachment":[{"href":"https:\/\/zoomproducciones.com.ar\/zoomp\/wp-json\/wp\/v2\/media?parent=16375"}],"wp:term":[{"taxonomy":"category","embeddable":true,"href":"https:\/\/zoomproducciones.com.ar\/zoomp\/wp-json\/wp\/v2\/categories?post=16375"},{"taxonomy":"post_tag","embeddable":true,"href":"https:\/\/zoomproducciones.com.ar\/zoomp\/wp-json\/wp\/v2\/tags?post=16375"}],"curies":[{"name":"wp","href":"https:\/\/api.w.org\/{rel}","templated":true}]}}