{"id":16368,"date":"2024-06-12T08:58:42","date_gmt":"2024-06-12T11:58:42","guid":{"rendered":"http:\/\/zoomproducciones.com.ar\/zoomp\/?p=16368"},"modified":"2024-06-12T08:58:58","modified_gmt":"2024-06-12T11:58:58","slug":"invitado-por-meloni-milei-va-a-la-cumbre-del-g7-sin-mondino","status":"publish","type":"post","link":"https:\/\/zoomproducciones.com.ar\/zoomp\/invitado-por-meloni-milei-va-a-la-cumbre-del-g7-sin-mondino\/","title":{"rendered":"Invitado por Meloni, Milei va a la cumbre del G7 sin Mondino"},"content":{"rendered":"\n<p>El presidente, Javier Milei, viaja esta noche al G7 sin la canciller, Diana Mondino, en medio de versiones de malestar entre ambos.\u00a0Vuela esta noche\u00a0junto a Karina, su hermana, la secretaria General de Presidencia.<\/p>\n\n\n\n<p>El Grupo de los 7 es una asociaci\u00f3n intergubernamental que re\u00fane a Alemania, Estados Unidos, Francia, Jap\u00f3n, Italia, Canad\u00e1 y Reino Unido. Este a\u00f1o, la Argentina fue invitada por la anfitriona italiana de ultraderecha, Giorgia Meloni, presidenta del Consejo de Ministros.<\/p>\n\n\n\n<p>Milei se ver\u00e1 en el encuentro con el presidente de Brasil, Luis In\u00e1cio Lula da Silva, con quien no mantuvo ninguna reuni\u00f3n desde su asunci\u00f3n, aunque se trata del principal socio comercial del pa\u00eds. Al cierre de este newsletter, el presidente ten\u00eda pautadas\u00a0dos bilaterales: una con Meloni y otra con su par de Francia, Emmanuel Macron. Son los primeros contactos oficiales con mandatarios europeos en lo que lleva Milei de gesti\u00f3n.<\/p>\n\n\n\n<p>Adem\u00e1s de los presidentes de Argentina y Brasil, el G7 invit\u00f3 esta vez al papa Francisco; al titular del Consejo Europeo, Charles Michel; la presidenta de la Comisi\u00f3n Europea, Ursula von der Leyen; y el pr\u00edncipe heredero de Arabia Saudita, Mohamed bin Salm\u00e1n.<\/p>\n\n\n\n<p>El fin de semana, Milei\u00a0se va a Suiza\u00a0por un evento por la paz que organiz\u00f3 el presidente ucraniano, Volodimir Zelenski, pero te detallo m\u00e1s cerca de la fecha. Y hoy, antes de viajar, el presidente estar\u00e1 15.30 en La Rural, en el\u00a0Congreso Econ\u00f3mico Argentino\u00a0de la\u00a0Exposici\u00f3n de Econom\u00eda, Finanzas e Inversiones\u00a0(EFI), donde antes hablar\u00e1 la ministra Mondino. Y 18.30 va a participar de un\u00a0<a href=\"https:\/\/cenital.us20.list-manage.com\/track\/click?u=81c8fe2afed130c234a3035eb&amp;id=140ddb27dc&amp;e=cce419730d\">foro libertario<\/a>\u00a0en el Hotel Hilton;\u00a0<a href=\"https:\/\/cenital.us20.list-manage.com\/track\/click?u=81c8fe2afed130c234a3035eb&amp;id=b4da872fe1&amp;e=cce419730d\">ayer estuvo Caputo<\/a>.<\/p>\n","protected":false},"excerpt":{"rendered":"<p>El presidente, Javier Milei, viaja esta noche al G7 sin la canciller, Diana Mondino, en medio de versiones de malestar entre ambos.\u00a0Vuela esta noche\u00a0junto a Karina, su hermana, la secretaria General de Presidencia. El Grupo de los 7 es una asociaci\u00f3n intergubernamental que re\u00fane a Alemania, Estados Unidos, Francia, Jap\u00f3n, Italia, Canad\u00e1 y Reino Unido. [&hellip;]<\/p>\n","protected":false},"author":2,"featured_media":16370,"comment_status":"closed","ping_status":"open","sticky":false,"template":"","format":"standard","meta":{"footnotes":""},"categories":[8],"tags":[511],"class_list":{"0":"post-16368","1":"post","2":"type-post","3":"status-publish","4":"format-standard","5":"has-post-thumbnail","7":"category-nacionales","8":"tag-bloque-2"},"_links":{"self":[{"href":"https:\/\/zoomproducciones.com.ar\/zoomp\/wp-json\/wp\/v2\/posts\/16368","targetHints":{"allow":["GET"]}}],"collection":[{"href":"https:\/\/zoomproducciones.com.ar\/zoomp\/wp-json\/wp\/v2\/posts"}],"about":[{"href":"https:\/\/zoomproducciones.com.ar\/zoomp\/wp-json\/wp\/v2\/types\/post"}],"author":[{"embeddable":true,"href":"https:\/\/zoomproducciones.com.ar\/zoomp\/wp-json\/wp\/v2\/users\/2"}],"replies":[{"embeddable":true,"href":"https:\/\/zoomproducciones.com.ar\/zoomp\/wp-json\/wp\/v2\/comments?post=16368"}],"version-history":[{"count":1,"href":"https:\/\/zoomproducciones.com.ar\/zoomp\/wp-json\/wp\/v2\/posts\/16368\/revisions"}],"predecessor-version":[{"id":16369,"href":"https:\/\/zoomproducciones.com.ar\/zoomp\/wp-json\/wp\/v2\/posts\/16368\/revisions\/16369"}],"wp:featuredmedia":[{"embeddable":true,"href":"https:\/\/zoomproducciones.com.ar\/zoomp\/wp-json\/wp\/v2\/media\/16370"}],"wp:attachment":[{"href":"https:\/\/zoomproducciones.com.ar\/zoomp\/wp-json\/wp\/v2\/media?parent=16368"}],"wp:term":[{"taxonomy":"category","embeddable":true,"href":"https:\/\/zoomproducciones.com.ar\/zoomp\/wp-json\/wp\/v2\/categories?post=16368"},{"taxonomy":"post_tag","embeddable":true,"href":"https:\/\/zoomproducciones.com.ar\/zoomp\/wp-json\/wp\/v2\/tags?post=16368"}],"curies":[{"name":"wp","href":"https:\/\/api.w.org\/{rel}","templated":true}]}}